
{"id":489,"date":"2009-05-31T17:19:17","date_gmt":"2009-05-31T16:19:17","guid":{"rendered":"http:\/\/szostkiewicz.blog.polityka.pl\/?p=489"},"modified":"2009-05-31T17:21:51","modified_gmt":"2009-05-31T16:21:51","slug":"zwiefka-kontra-rydzyk","status":"publish","type":"post","link":"https:\/\/blog.polityka.pl\/szostkiewicz\/2009\/05\/31\/zwiefka-kontra-rydzyk\/","title":{"rendered":"Zwiefka kontra Rydzyk"},"content":{"rendered":"<p>Europose\u0142 PO Tadeusz Zwiefka \u017c\u0105da procesu w trybie wyborczym. Twierdzi, \u017ce zosta\u0142 nieprawdziwie pom\u00f3wiony przez prof. J.R. Nowaka na antenie Radia Maryja. To efekt niemieckiego reporta\u017cu TV, z kt\u00f3rego rzekomo wynika\u0142o, \u017ce Zwiefka bierze poselskie euro za nic i jest gburem. Teraz Nowak w swych radiomaryjnych pogadankach przedwyborczych powt\u00f3rzy\u0142 zarzuty wzi\u0119te z niemieckiego materia\u0142u.<\/p>\n<p>Zwiefk\u0119 pami\u0119tam jako sympatycznego prezentera wiadomo\u015bci w TVP.Wyr\u00f3\u017cnia\u0142 si\u0119 kultur\u0105 bycia i polszczyzny, a to towar w mediach coraz bardziej deficytowy. Panuje moda na werbalny szybki karabin maszynowy.<\/p>\n<p>P\u00f3\u017aniej jego drugiego \u017cycia w Parlamencie Europejskim nie \u015bledzi\u0142em. Mam wra\u017cenie, \u017ce pose\u0142 robi\u0142 swoje, a nie szuka\u0142 rozg\u0142osu jak niekt\u00f3rzy\u00a0polscy sarmaci w Brukseli. Kto\u015b mo\u017ce pomyli\u0107 ten brak rozg\u0142osu w mediach z brakiem aktywno\u015bci.<\/p>\n<p>Mam nadziej\u0119, \u017ce do procesu w trybie wyborczym dojdzie. I \u017ce wygra go Zwiefka, a kara b\u0119dzie dotkliwa. Proces przypomina zn\u00f3w o skandalu, jakim jest tolerowanie przez Ko\u015bci\u00f3\u0142 instytucjonalny Radia Maryja jako politycznej tuby propagandowej dla prawicy, nie tylko PiS-owskiej, lecz tak\u017ce narodowo-katolicko-rasistowskiej.<\/p>\n<p>Sam Rydzyk i jego wsp\u00f3\u0142pracownicy w sutannach, owszem, wyhamowali odrobin\u0119 z polityczn\u0105 agitacj\u0105. Taktyka jest teraz taka, \u017ce robot\u0119 polityczn\u0105, czyli dezawuowanie politycznych przeciwnik\u00f3w, odwalaj\u0105 \u015bwieccy zapraszani do studia, tacy jak Nowak, kiedy\u015b autor esej\u00f3w o Norwidzie i dziejach W\u0119gier, a dzi\u015b prawicowy aktywista polityczny wzywaj\u0105cy do ,,prze\u0142omu narodowego&#8221;, co w moich uszach brzmi faszystowsko. Redemptory\u015bci Rydzyka ,,tylko&#8221; zadaj\u0105 pytania.\u00a0<\/p>\n<p>Zwiefka i tak jest \u0142askawy, bo w istocie m\u00f3g\u0142by pozwa\u0107 tak\u017ce w\u0142a\u015bciciela RM, czyli zakon redemptoryst\u00f3w, \u017ce toleruje na katolickiej\u00a0antenie\u00a0nieuczciw\u0105\u00a0walk\u0119 polityczn\u0105. \u00a0\u00a0\u00a0\u00a0\u00a0<\/p>\n<p>Gdyby Zwiefka wygra\u0142, powsta\u0142aby kolejna okazja do powiedzenia ,,do\u015b\u0107&#8221; politycznym ambicjom Radia Maryja. Tak, wiem, \u017ce nic z tego, dop\u00f3ki s\u0105 biskupi pokroju G\u0142odzia, no i prawicowi politycy i wspieraj\u0105cy ich publicy\u015bci, kt\u00f3rzy b\u0119d\u0105 zawsze broni\u0107 RM w imi\u0119 ,,wolno\u015bci s\u0142owa&#8221; i walki z ,,terrorem&#8221; politycznej poprawno\u015bci.A tak naprawd\u0119 chodzi o wojn\u0119 z liberalizmem i Europ\u0105.Media Rydzyka i cz\u0119\u015bciowo TVP to dzi\u015b najsilniejsze przycz\u00f3\u0142ki tych fobii kulturowych i politycznych. Niech wi\u0119c s\u0119dziowie dzia\u0142aj\u0105 bez l\u0119ku przed Rydzykiem i jego zapleczem.\u00a0\u00a0\u00a0Subito! Szybko!\u00a0\u00a0\u00a0\u00a0\u00a0<\/p>\n","protected":false},"excerpt":{"rendered":"<p>Europose\u0142 PO Tadeusz Zwiefka \u017c\u0105da procesu w trybie wyborczym. Twierdzi, \u017ce zosta\u0142 nieprawdziwie pom\u00f3wiony przez prof. J.R. Nowaka na antenie Radia Maryja. To efekt niemieckiego reporta\u017cu TV, z kt\u00f3rego rzekomo wynika\u0142o, \u017ce Zwiefka bierze poselskie euro za nic i jest gburem. Teraz Nowak w swych radiomaryjnych pogadankach przedwyborczych powt\u00f3rzy\u0142 zarzuty wzi\u0119te z niemieckiego materia\u0142u. Zwiefk\u0119 [&hellip;]<\/p>\n","protected":false},"author":3,"featured_media":0,"comment_status":"open","ping_status":"open","sticky":false,"template":"","format":"standard","meta":{"footnotes":""},"categories":[1],"tags":[],"_links":{"self":[{"href":"https:\/\/blog.polityka.pl\/szostkiewicz\/wp-json\/wp\/v2\/posts\/489"}],"collection":[{"href":"https:\/\/blog.polityka.pl\/szostkiewicz\/wp-json\/wp\/v2\/posts"}],"about":[{"href":"https:\/\/blog.polityka.pl\/szostkiewicz\/wp-json\/wp\/v2\/types\/post"}],"author":[{"embeddable":true,"href":"https:\/\/blog.polityka.pl\/szostkiewicz\/wp-json\/wp\/v2\/users\/3"}],"replies":[{"embeddable":true,"href":"https:\/\/blog.polityka.pl\/szostkiewicz\/wp-json\/wp\/v2\/comments?post=489"}],"version-history":[{"count":0,"href":"https:\/\/blog.polityka.pl\/szostkiewicz\/wp-json\/wp\/v2\/posts\/489\/revisions"}],"wp:attachment":[{"href":"https:\/\/blog.polityka.pl\/szostkiewicz\/wp-json\/wp\/v2\/media?parent=489"}],"wp:term":[{"taxonomy":"category","embeddable":true,"href":"https:\/\/blog.polityka.pl\/szostkiewicz\/wp-json\/wp\/v2\/categories?post=489"},{"taxonomy":"post_tag","embeddable":true,"href":"https:\/\/blog.polityka.pl\/szostkiewicz\/wp-json\/wp\/v2\/tags?post=489"}],"curies":[{"name":"wp","href":"https:\/\/api.w.org\/{rel}","templated":true}]}}