
{"id":490,"date":"2009-06-02T21:53:22","date_gmt":"2009-06-02T20:53:22","guid":{"rendered":"http:\/\/szostkiewicz.blog.polityka.pl\/?p=490"},"modified":"2009-06-03T15:05:10","modified_gmt":"2009-06-03T14:05:10","slug":"damski-bosker-ziobro","status":"publish","type":"post","link":"https:\/\/blog.polityka.pl\/szostkiewicz\/2009\/06\/02\/damski-bosker-ziobro\/","title":{"rendered":"Damski bokser Ziobro"},"content":{"rendered":"<p>Ziobro, jaki jest, ka\u017cdy widzi, je\u015bli tylko nie nosi ko\u0144skich okular\u00f3w. Ale zawsze warto sprawdzi\u0107, czy si\u0119 co\u015b nie zmieni\u0142o. Panie Thun i Senyszyn posz\u0142y i sprawdzi\u0142y. Dzielne kandydatki. Skoro g\u00f3ra ne chce do Ziobry&#8230; Niestety, Ziobro uwa\u017cany przez wielu za przysz\u0142ego lidera PiS nie skorzysta\u0142 z tej szansy. Pokaza\u0142, kim jest po raz kolejny.<\/p>\n<p>M\u00f3g\u0142 zaprosi\u0107 panie rywalki do sto\u0142u, podzi\u0119kowa\u0107, \u017ce zaszczyci\u0142y jego wiec swym udzia\u0142em. M\u00f3g\u0142 udowodni\u0107, \u017ce jest politykiem z tej wysokiej p\u00f3\u0142ki, na kt\u00f3rej w\u0142a\u015bnie umie\u015bci\u0142 go wraz z innymi dzia\u0142aczami piS sam prezes Kaczy\u0144ski (kto ci\u0119 lepiej pochwali ni\u017c ty sam siebie?).<\/p>\n<p>Ziobro na codzie\u0144 raczy nas tym, co uwa\u017ca za eleganckie maniery i elegancki j\u0119zyk polski. Ale to przed ,,ciemnym ludem&#8221; wyborczym i kamerami TV. Zaskoczony pokazuje, \u017ce jego maniery i polszczyzna s\u0105 raczej spod p\u00f3\u0142ki. Kiedy ,,ciemny lud&#8221; pisowski (przypominam, \u017ce to okre\u015blenie Jacka Kurskiego) urz\u0105dzi\u0142 paniom Thun i Senyszyn seans nienawi\u015bci, Ziobro udawa\u0142, \u017ce tego nie widzi, nie stan\u0105\u0142 w obronie kobiet.<\/p>\n<p>Sam zaatakowa\u0142 zaatakowane: obie panie nie maj\u0105 szans na mandat, krzycza\u0142 do ,,ciemnego ludu&#8221;. To si\u0119 w dawnych dobrych czasach nazywa\u0142o ,,damski bokser&#8221;. Ten, kto wy\u017cywa si\u0119 na s\u0142abszych. Bo tu dwie panie mia\u0142y przeciwko sobie ca\u0142\u0105 sal\u0119.\u00a0\u00a0<\/p>\n<p>Ziobro ma wed\u0142ug wszelkiego prawdopodobie\u0144stwa mandat europos\u0142a w kieszeni. I dobrze. Mo\u017ce tam si\u0119 czego\u015b nauczy, na pocz\u0105tek jakiego\u015b j\u0119zyka zachodniego. Mo\u017ce dzi\u0119ki zdobytym do\u015bwiadczeniom zdo\u0142a kiedy\u015b usun\u0105\u0107 Kaczy\u0144skiego, Bielana, Kami\u0144skiego itp. Wtedy wywinduje PiS na jeszcze wy\u017csz\u0105 p\u00f3\u0142k\u0119, czego mu serdecznie \u017cycz\u0119.<\/p>\n<p>PS. Jest dobra wiadomo\u015b\u0107 o Zwiefce: wygra\u0142 z Radiem Maryja. Czekamy na przeprosiny.<\/p>\n<p>Nawiasem m\u00f3wi\u0105c, szkoda \u017ce dziennikarze TV zapraszaj\u0105cy tak cz\u0119sto na dyskusje polityk\u00f3w PiS. maj\u0105 tak przypadkow\u0105 kwerend\u0119 przed sob\u0105. Dobrze, \u017ce TVN przyszpili\u0142 prezesa Kaczy\u0144skiego w kwestii listu wys\u0142anego rzekomo do premiera Tuska. Teraz czas, by sprawdzili stopie\u0144 wykorzystania funduszy unijnych w jedynym rz\u0105dzonym przez PiS wojew\u00f3dztwie &#8211; podkarpackim. I zapytali o to np. pose\u0142 G\u0119sick\u0105. Albo \u017ceby skonfrontowali prezesa Kaczy\u0144skiego zarzucaj\u0105cego rz\u0105dowi hipokryzj\u0119 w polityce wobec wsi z programem brytyjskich konserwatyst\u00f3w, kt\u00f3rzy maj\u0105 z PiSem tworzy\u0107 frakcj\u0119 w PE, a s\u0105 za likwidacj\u0105 wsp\u00f3lnej polityki rolnej UE, czyli dop\u0142at dla rolnik\u00f3w. Na miejscu premiera Tuska za\u017c\u0105da\u0142bym wyst\u0105pienia PiS z tej frakcji, je\u015bli PiS jest faktycznie lojalny wobec Polski.\u00a0\u00a0<\/p>\n","protected":false},"excerpt":{"rendered":"<p>Ziobro, jaki jest, ka\u017cdy widzi, je\u015bli tylko nie nosi ko\u0144skich okular\u00f3w. Ale zawsze warto sprawdzi\u0107, czy si\u0119 co\u015b nie zmieni\u0142o. Panie Thun i Senyszyn posz\u0142y i sprawdzi\u0142y. Dzielne kandydatki. Skoro g\u00f3ra ne chce do Ziobry&#8230; Niestety, Ziobro uwa\u017cany przez wielu za przysz\u0142ego lidera PiS nie skorzysta\u0142 z tej szansy. Pokaza\u0142, kim jest po raz kolejny. [&hellip;]<\/p>\n","protected":false},"author":3,"featured_media":0,"comment_status":"open","ping_status":"open","sticky":false,"template":"","format":"standard","meta":{"footnotes":""},"categories":[1],"tags":[],"_links":{"self":[{"href":"https:\/\/blog.polityka.pl\/szostkiewicz\/wp-json\/wp\/v2\/posts\/490"}],"collection":[{"href":"https:\/\/blog.polityka.pl\/szostkiewicz\/wp-json\/wp\/v2\/posts"}],"about":[{"href":"https:\/\/blog.polityka.pl\/szostkiewicz\/wp-json\/wp\/v2\/types\/post"}],"author":[{"embeddable":true,"href":"https:\/\/blog.polityka.pl\/szostkiewicz\/wp-json\/wp\/v2\/users\/3"}],"replies":[{"embeddable":true,"href":"https:\/\/blog.polityka.pl\/szostkiewicz\/wp-json\/wp\/v2\/comments?post=490"}],"version-history":[{"count":0,"href":"https:\/\/blog.polityka.pl\/szostkiewicz\/wp-json\/wp\/v2\/posts\/490\/revisions"}],"wp:attachment":[{"href":"https:\/\/blog.polityka.pl\/szostkiewicz\/wp-json\/wp\/v2\/media?parent=490"}],"wp:term":[{"taxonomy":"category","embeddable":true,"href":"https:\/\/blog.polityka.pl\/szostkiewicz\/wp-json\/wp\/v2\/categories?post=490"},{"taxonomy":"post_tag","embeddable":true,"href":"https:\/\/blog.polityka.pl\/szostkiewicz\/wp-json\/wp\/v2\/tags?post=490"}],"curies":[{"name":"wp","href":"https:\/\/api.w.org\/{rel}","templated":true}]}}