
{"id":491,"date":"2009-06-04T22:19:25","date_gmt":"2009-06-04T21:19:25","guid":{"rendered":"http:\/\/szostkiewicz.blog.polityka.pl\/?p=491"},"modified":"2009-06-04T22:28:48","modified_gmt":"2009-06-04T21:28:48","slug":"okruchy-czwartoczerwcowe","status":"publish","type":"post","link":"https:\/\/blog.polityka.pl\/szostkiewicz\/2009\/06\/04\/okruchy-czwartoczerwcowe\/","title":{"rendered":"Toast wolno\u015bci"},"content":{"rendered":"<p>Na Wawelu s\u0142o\u0144ce i deszcz, wi\u0119cej deszczu. I dobre przem\u00f3wienia, zw\u0142aszcza Merkel, Havla, Tymoszenko, Tuska. Nie by\u0142 to wcale taki z\u0142y pomys\u0142 z tym Krakowiem, przyznaj\u0119, bo pocz\u0105tkowo wydawa\u0142o mi si\u0119, \u017ce wszystko powinno by\u0107 w Gda\u0144sku.<br \/>\n\u00a0<br \/>\nJak czwarty czerwca si\u0119 dzia\u0142 20 lat temu, to pr\u00f3cz przeciek\u00f3w o wyborczej kl\u0119sce PZPR prze\u017cywa\u0142em wie\u015bci o masakrze na Tienanmen. Nie mia\u0142em poczucia, \u017ce to prze\u0142om, ale czu\u0142em, \u017ce ju\u017c nic nie b\u0119dzie w Polsce takie samo. W komitecie obywatelskim Solidarno\u015b\u0107 w Krakowie, kt\u00f3rego by\u0142em rzecznikiem &#8211; st\u0105d zaproszenie na Wawel od premiera &#8211; ma\u0142o kto spodziewa\u0142 si\u0119, \u017ce we wrze\u015bniu b\u0119dzie ju\u017c rz\u0105d Mazowieckiego. Podobnie teraz: nie wiemy, jak b\u0119d\u0105 wygl\u0105da\u0107 obchody 4 czerwca za 20 czy 30 lat, kiedy pokolenie Solidarno\u015bci zejdzie ze sceny. Mo\u017ce Frasyniuk ma racj\u0119, \u017ceby zrobi\u0107 z 4 czerwca \u015bwi\u0119to pa\u0144stwowe?<\/p>\n<p>To mo\u017ce zadzia\u0142a\u0107! Wieczorem w Nowej Prowincji na Brackiej dziki t\u0142um na toa\u015bcie wolno\u015bci: potencja\u0142 spo\u0142eczny jest. Dzi\u015b to wykszta\u0142ciuchy i solidaruchy, ale gdyby nawyk nowoczesnego ,,spo\u0142eczno\u015bciowego&#8221; \u015bwi\u0119towania si\u0119 utrwali\u0142 &#8211; a \u015bwi\u0119to pa\u0144stwowe mog\u0142oby pom\u00f3c &#8211; to mo\u017ce wreszcie mieliby\u015bmy jaki\u015b dzie\u0144 rado\u015bci w tej naszej polskiej bronowickiej chacie. Na razie cieszyli\u015bmy si\u0119 tym, co jest: kr\u0119giem przyjaci\u00f3\u0142, wierszykiem wyborczym Bronka Maja na cze\u015b\u0107\u00a0 R\u00f3\u017cy Thun, toastem wznoszonym male\u0144kimi kieliszkami jakiej\u015b czerwonej ma\u0142mazji.\u00a0\u00a0\u00a0\u00a0<\/p>\n<p>Dzi\u015b to si\u0119 jeszcze nie sk\u0142ada. ,,Opowie\u015b\u0107&#8221; z Krakowa wydaje si\u0119 nie do pogodzenia z ,,opowie\u015bci\u0105&#8221; z Gda\u0144ska. Ale nie przesadzajmy. Nawet w Gda\u0144sku rz\u0105d dusz pan\u00f3w \u015aniadka, Guzikiewicza i Kaczy\u0144skiego maj\u0105 wp\u0142yw ograniczony. Fakt, s\u0105 ludzie, kt\u00f3rzy chc\u0105 s\u0142ucha\u0107 tylko ,,opowie\u015bci&#8221; pisowskiej, ale przecie\u017c nie wi\u0119kszo\u015b\u0107. Wieczorem przez skype c\u00f3rka nam zameldowa\u0142a z Danii, gdzie ko\u0144czy p\u00f3\u0142roczne studia, \u017ce obejrza\u0142a w internecie relacje z obchod\u00f3w 4 czerwca w Krakowie i poczu\u0142a si\u0119 dumna, \u017ce jest Polk\u0105.\u00a0\u00a0\u00a0\u00a0<\/p>\n","protected":false},"excerpt":{"rendered":"<p>Na Wawelu s\u0142o\u0144ce i deszcz, wi\u0119cej deszczu. I dobre przem\u00f3wienia, zw\u0142aszcza Merkel, Havla, Tymoszenko, Tuska. Nie by\u0142 to wcale taki z\u0142y pomys\u0142 z tym Krakowiem, przyznaj\u0119, bo pocz\u0105tkowo wydawa\u0142o mi si\u0119, \u017ce wszystko powinno by\u0107 w Gda\u0144sku. \u00a0 Jak czwarty czerwca si\u0119 dzia\u0142 20 lat temu, to pr\u00f3cz przeciek\u00f3w o wyborczej kl\u0119sce PZPR prze\u017cywa\u0142em wie\u015bci [&hellip;]<\/p>\n","protected":false},"author":3,"featured_media":0,"comment_status":"open","ping_status":"open","sticky":false,"template":"","format":"standard","meta":{"footnotes":""},"categories":[1],"tags":[],"_links":{"self":[{"href":"https:\/\/blog.polityka.pl\/szostkiewicz\/wp-json\/wp\/v2\/posts\/491"}],"collection":[{"href":"https:\/\/blog.polityka.pl\/szostkiewicz\/wp-json\/wp\/v2\/posts"}],"about":[{"href":"https:\/\/blog.polityka.pl\/szostkiewicz\/wp-json\/wp\/v2\/types\/post"}],"author":[{"embeddable":true,"href":"https:\/\/blog.polityka.pl\/szostkiewicz\/wp-json\/wp\/v2\/users\/3"}],"replies":[{"embeddable":true,"href":"https:\/\/blog.polityka.pl\/szostkiewicz\/wp-json\/wp\/v2\/comments?post=491"}],"version-history":[{"count":0,"href":"https:\/\/blog.polityka.pl\/szostkiewicz\/wp-json\/wp\/v2\/posts\/491\/revisions"}],"wp:attachment":[{"href":"https:\/\/blog.polityka.pl\/szostkiewicz\/wp-json\/wp\/v2\/media?parent=491"}],"wp:term":[{"taxonomy":"category","embeddable":true,"href":"https:\/\/blog.polityka.pl\/szostkiewicz\/wp-json\/wp\/v2\/categories?post=491"},{"taxonomy":"post_tag","embeddable":true,"href":"https:\/\/blog.polityka.pl\/szostkiewicz\/wp-json\/wp\/v2\/tags?post=491"}],"curies":[{"name":"wp","href":"https:\/\/api.w.org\/{rel}","templated":true}]}}