
{"id":4929,"date":"2017-05-08T23:07:03","date_gmt":"2017-05-08T21:07:03","guid":{"rendered":"http:\/\/szostkiewicz.blog.polityka.pl\/?p=4929"},"modified":"2017-05-09T08:25:04","modified_gmt":"2017-05-09T06:25:04","slug":"populizm-w-zadyszce","status":"publish","type":"post","link":"https:\/\/blog.polityka.pl\/szostkiewicz\/2017\/05\/08\/populizm-w-zadyszce\/","title":{"rendered":"Populizm w zadyszce"},"content":{"rendered":"<p>To trzecia przegrana populist\u00f3w: Austria, Holandia, teraz Francja. Wyra\u017ana przegrana Le Pen z Macronem liczy si\u0119 najbardziej, ale pora\u017cka ksenofob\u00f3w, eurofob\u00f3w i islamofob\u00f3w w mniejszych krajach UE te\u017c cieszy. Przegrani robi\u0105 dobre miny do z\u0142ej gry. Przekonuj\u0105 samych siebie, \u017ce nic si\u0119 takiego nie sta\u0142o. W rzeczywisto\u015bci populistyczno-nacjonalistyczna fala w Europie si\u0119 cofa. Mo\u017ce jeszcze wr\u00f3ci\u0107, ale po kl\u0119sce we Francji wytraca impet.<br \/>\n<!--more--><br \/>\nDrugim testem b\u0119d\u0105 wybory parlamentarne w Niemczech. Chadecja kanclerz Merkel zrobi\u0142a w\u0142a\u015bnie dobry wynik w wyborach landowych w Szlezwiku-Holsztynie. Rosn\u0105 szanse &#8222;Matki Europy&#8221;, antyeuropejska AfD buksuje. Efekt Macrona odczuje ca\u0142a polityka europejska, odczuj\u0105 go tak\u017ce rz\u0105dy eurosceptyczne. Zw\u0142aszcza rz\u0105d premierki Szyd\u0142o.<\/p>\n<p>Pani Szyd\u0142o, minister Waszczykowski, prezydent Duda i jego ekspert od UE prof. Szczerski, wreszcie sam pose\u0142 Kaczy\u0144ski nie powinni mie\u0107 z\u0142udze\u0144: stosunki z Francj\u0105 s\u0105 przez PiS zrujnowane i ten rz\u0105d ich nie odbuduje. Handshake ministra Waszczykowskiego z Marine Le Pen jest nie do wygumkowania. Ta fotografia jest symbolem klapy europejskiej polityki PiS. Nie do\u015b\u0107, \u017ce \u017ale obstawi\u0142, to jeszcze wy\u0142ama\u0142 si\u0119 z unijnego frontu odmowy. Z Le Pen liderzy UE si\u0119 nie spotykaj\u0105, tylko Putin znalaz\u0142 dla niej czas.<\/p>\n<p>Mimo licznych ostrze\u017ce\u0144 rz\u0105d Szyd\u0142o zrobi\u0142, co m\u00f3g\u0142, by si\u0119 samowyizolowa\u0107 z Unii. Sprzeciwia si\u0119 Unii r\u00f3\u017cnych pr\u0119dko\u015bci, a wypada z gry o jej kszta\u0142t. Ta gra nabierze tempa, a Polska nie odegra w niej znacz\u0105cej roli, chyba \u017ce destrukcyjn\u0105: impertynencje, fochy, gro\u017cenie wetem.<\/p>\n<p>Rozpaczliwe zarz\u0105dzanie kryzysem ju\u017c nie pomo\u017ce. Rz\u0105d pisowski zamiast zacz\u0105\u0107 powa\u017cnie zastanawia\u0107 si\u0119 nad tym, jak odrobi\u0107 straty i wej\u015b\u0107 z powrotem do gry, idzie w zaparte. Nie b\u0119dzie rozmawia\u0142 z Komisj\u0105 Europejsk\u0105 o \u0142amaniu praworz\u0105dno\u015bci, bo zak\u0142ada, \u017ce Komisja nie odpali przeciwko Polsce artyku\u0142u 7. Sk\u0105d ta pewno\u015b\u0107? Po wygranej Macrona wszystko si\u0119 mo\u017ce zdarzy\u0107.<\/p>\n","protected":false},"excerpt":{"rendered":"<p>To trzecia przegrana populist\u00f3w: Austria, Holandia, teraz Francja. Wyra\u017ana przegrana Le Pen z Macronem liczy si\u0119 najbardziej, ale pora\u017cka ksenofob\u00f3w, eurofob\u00f3w i islamofob\u00f3w w mniejszych krajach UE te\u017c cieszy. Przegrani robi\u0105 dobre miny do z\u0142ej gry. Przekonuj\u0105 samych siebie, \u017ce nic si\u0119 takiego nie sta\u0142o. W rzeczywisto\u015bci populistyczno-nacjonalistyczna fala w Europie si\u0119 cofa. Mo\u017ce jeszcze [&hellip;]<\/p>\n","protected":false},"author":3,"featured_media":0,"comment_status":"open","ping_status":"closed","sticky":false,"template":"","format":"standard","meta":{"footnotes":""},"categories":[1],"tags":[],"_links":{"self":[{"href":"https:\/\/blog.polityka.pl\/szostkiewicz\/wp-json\/wp\/v2\/posts\/4929"}],"collection":[{"href":"https:\/\/blog.polityka.pl\/szostkiewicz\/wp-json\/wp\/v2\/posts"}],"about":[{"href":"https:\/\/blog.polityka.pl\/szostkiewicz\/wp-json\/wp\/v2\/types\/post"}],"author":[{"embeddable":true,"href":"https:\/\/blog.polityka.pl\/szostkiewicz\/wp-json\/wp\/v2\/users\/3"}],"replies":[{"embeddable":true,"href":"https:\/\/blog.polityka.pl\/szostkiewicz\/wp-json\/wp\/v2\/comments?post=4929"}],"version-history":[{"count":5,"href":"https:\/\/blog.polityka.pl\/szostkiewicz\/wp-json\/wp\/v2\/posts\/4929\/revisions"}],"predecessor-version":[{"id":4935,"href":"https:\/\/blog.polityka.pl\/szostkiewicz\/wp-json\/wp\/v2\/posts\/4929\/revisions\/4935"}],"wp:attachment":[{"href":"https:\/\/blog.polityka.pl\/szostkiewicz\/wp-json\/wp\/v2\/media?parent=4929"}],"wp:term":[{"taxonomy":"category","embeddable":true,"href":"https:\/\/blog.polityka.pl\/szostkiewicz\/wp-json\/wp\/v2\/categories?post=4929"},{"taxonomy":"post_tag","embeddable":true,"href":"https:\/\/blog.polityka.pl\/szostkiewicz\/wp-json\/wp\/v2\/tags?post=4929"}],"curies":[{"name":"wp","href":"https:\/\/api.w.org\/{rel}","templated":true}]}}