
{"id":495,"date":"2009-06-12T18:33:04","date_gmt":"2009-06-12T17:33:04","guid":{"rendered":"http:\/\/szostkiewicz.blog.polityka.pl\/?p=495"},"modified":"2009-06-12T18:33:04","modified_gmt":"2009-06-12T17:33:04","slug":"dorn-wieszczy-pis-trzeszczy","status":"publish","type":"post","link":"https:\/\/blog.polityka.pl\/szostkiewicz\/2009\/06\/12\/dorn-wieszczy-pis-trzeszczy\/","title":{"rendered":"Dorn wieszczy, PiS trzeszczy"},"content":{"rendered":"<p>Po Bo\u017cym Ciele media pompuj\u0105 powyborcze tarcia w PiS. Jasne, \u017ce musz\u0105 by\u0107, jasne, \u017ce Dorn ma racj\u0119, kiedy wytyka prezesowi JK b\u0142\u0119dy w ,,zarz\u0105dzaniu kryzysem&#8221;, jasne, \u017ce w PiS nic si\u0119 nie zmieni.<\/p>\n<p>Prezes ma to do siebie, \u017ce m\u00f3wi co mu \u015blina na j\u0119zyk przyniesie, jak kompletny polityczny amator. Nie panuje nad przekazem, panuje za to nad parti\u0105, wykorzystuj\u0105c mit, w czym pomagaj\u0105 mu te\u017c autorytety takie jak prof. Staniszkis, \u017ce ma niebywa\u0142y talent do strategii. Jak ma taki talent, to czemu przegrywa trzecie z kolei wybory?\u00a0\u00a0\u00a0\u00a0 Czemu nie jest w stanie pozyska\u0107 nowych wyborc\u00f3w?<\/p>\n<p>Jednak w PiS nic si\u0119 nie zmieni, bo partia uwierzy\u0142a w fikcj\u0119 produkowan\u0105 przez prezesa seryjnie i ca\u0142odobowo. PiS jest wi\u0119\u017aniem kultu, jakim sam otoczy\u0142 Jaros\u0142awa Kaczy\u0144skiego. A \u017ce wszystkie prawdziwe osobowo\u015bci z partii ju\u017c wysz\u0142y, kult trwa i rozwija si\u0119 nawet po kolejnych pora\u017ckach. Fani pos\u0142a Ziobry te\u017c powinni zdj\u0105\u0107 r\u00f3\u017cowe okulary: ich idol nie ma nawet tyle charakteru, by podtrzyma\u0107 s\u0142owa prawdy wypowiedziane zaraz po eurowyborach o potrzebie rozlicze\u0144.<\/p>\n<p>Ziobro poprowadzi\u0142by PiS jeszcze szybciej do kl\u0119ski ni\u017c Kaczy\u0144ski. Obecna sytuacja jest mu wygodna, bo mo\u017ce udawa\u0107, \u017ce jest alternatyw\u0105, ale nie musi poddawa\u0107 swych rzekomych umiej\u0119tno\u015bci sprawdzianowi, jakim jest kierowanie parti\u0105 w kryzysie.<\/p>\n<p>Mo\u017ce, jak sugeruje Dorn, za b\u0142\u0119dy Kaczy\u0144skiego i jego kr\u0119gu zap\u0142aci pose\u0142 Girzy\u0144ski. Nie znam arkan\u00f3w pisowskiej polityki wewn\u0119trznej i niewiele one mnie obchodz\u0105. Interesuje mnie tylko, jak PiS wp\u0142ywa na polskie \u017cycie publiczne. Skutki koalicji PiS z LPR i Samoobron\u0105 do dzi\u015b s\u0105 negatywne, cho\u0107 PiS zosta\u0142 odsuni\u0119ty od w\u0142adzy ju\u017c prawie dwa lata temu. Tamta koalicja odebra\u0142a PiSowi wiarygodno\u015b\u0107 polityczn\u0105. PiS nie odbudowa\u0142 jej sobie do dzi\u015b.<\/p>\n<p>Hm, a mo\u017ce prezes ma jednak polityczn\u0105 intuicj\u0119? Mo\u017ce faktycznie powinien porzuci\u0107 ton\u0105cy PiS i za\u0142o\u017cy\u0107 now\u0105 parti\u0119? To przecie\u017c najprostszy spos\u00f3b ucieczki przed praniem politycznych brud\u00f3w w PiS.\u00a0\u00a0\u00a0\u00a0\u00a0\u00a0\u00a0<\/p>\n","protected":false},"excerpt":{"rendered":"<p>Po Bo\u017cym Ciele media pompuj\u0105 powyborcze tarcia w PiS. Jasne, \u017ce musz\u0105 by\u0107, jasne, \u017ce Dorn ma racj\u0119, kiedy wytyka prezesowi JK b\u0142\u0119dy w ,,zarz\u0105dzaniu kryzysem&#8221;, jasne, \u017ce w PiS nic si\u0119 nie zmieni. Prezes ma to do siebie, \u017ce m\u00f3wi co mu \u015blina na j\u0119zyk przyniesie, jak kompletny polityczny amator. Nie panuje nad przekazem, [&hellip;]<\/p>\n","protected":false},"author":3,"featured_media":0,"comment_status":"open","ping_status":"open","sticky":false,"template":"","format":"standard","meta":{"footnotes":""},"categories":[1],"tags":[],"_links":{"self":[{"href":"https:\/\/blog.polityka.pl\/szostkiewicz\/wp-json\/wp\/v2\/posts\/495"}],"collection":[{"href":"https:\/\/blog.polityka.pl\/szostkiewicz\/wp-json\/wp\/v2\/posts"}],"about":[{"href":"https:\/\/blog.polityka.pl\/szostkiewicz\/wp-json\/wp\/v2\/types\/post"}],"author":[{"embeddable":true,"href":"https:\/\/blog.polityka.pl\/szostkiewicz\/wp-json\/wp\/v2\/users\/3"}],"replies":[{"embeddable":true,"href":"https:\/\/blog.polityka.pl\/szostkiewicz\/wp-json\/wp\/v2\/comments?post=495"}],"version-history":[{"count":0,"href":"https:\/\/blog.polityka.pl\/szostkiewicz\/wp-json\/wp\/v2\/posts\/495\/revisions"}],"wp:attachment":[{"href":"https:\/\/blog.polityka.pl\/szostkiewicz\/wp-json\/wp\/v2\/media?parent=495"}],"wp:term":[{"taxonomy":"category","embeddable":true,"href":"https:\/\/blog.polityka.pl\/szostkiewicz\/wp-json\/wp\/v2\/categories?post=495"},{"taxonomy":"post_tag","embeddable":true,"href":"https:\/\/blog.polityka.pl\/szostkiewicz\/wp-json\/wp\/v2\/tags?post=495"}],"curies":[{"name":"wp","href":"https:\/\/api.w.org\/{rel}","templated":true}]}}