
{"id":496,"date":"2009-06-14T19:30:06","date_gmt":"2009-06-14T18:30:06","guid":{"rendered":"http:\/\/szostkiewicz.blog.polityka.pl\/?p=496"},"modified":"2009-06-14T19:30:06","modified_gmt":"2009-06-14T18:30:06","slug":"iran-jak-dlugo-jeszcze","status":"publish","type":"post","link":"https:\/\/blog.polityka.pl\/szostkiewicz\/2009\/06\/14\/iran-jak-dlugo-jeszcze\/","title":{"rendered":"Iran: jak d\u0142ugo jeszcze?"},"content":{"rendered":"<p>Oj, chyba d\u0142ugo. S\u0142ucham prezydenta Ahmadined\u017cada, a jakbym s\u0142ysza\u0142 gensek\u00f3w. Pod flag\u0105 islamu i Iranu robi si\u0119 dok\u0142adnie to samo co pod flag\u0105 demolud\u00f3w. Fa\u0142szuje si\u0119 wybory i wbija dziecko w brzuch swoim i obcym, \u017ce nar\u00f3d popiera\u0142 i popiera, a nic nieznacz\u0105cy margines to warcho\u0142y i z\u0142ote ptaki utuczone na krzywdzie ludu. No bo sk\u0105d ten czy inny z elity dorobi\u0142 si\u0119 fortuny?<\/p>\n<p>Przykro tego s\u0142ucha\u0107, przykro patrze\u0107 na sceny bijatyk ira\u0144skiego ZOMO i tajniak\u00f3w z przeciwnikami Ahmadined\u017cada. Ka\u017cdu system autorytarny, zielony, czerwony czy brunatny, dzia\u0142a wed\u0142ug tych samych tch\u00f3rzliwych zasad: cenzura, nomenklatura, inwigilacja, masowa propaganda, izolowanie i szykanowanie, a w ko\u0144cu zabijanie buntownik\u00f3w. System ira\u0144ski jest dodatkowo pa\u0144stwem rz\u0105dzonym przez notabli religijnych.<\/p>\n<p>Gdybym by\u0142 m\u0142odym Ira\u0144czykiem z ambicjami, zrobi\u0142bym jedno z dwojga: emigrowa\u0142 lub dzia\u0142a\u0142 w opozycji. Ale w opozycji do systemu jako takiego. Nie wierzy\u0142bym w reformy, marzy\u0142bym o prawdziwej demokracji bez rad stra\u017cnik\u00f3w, rad ekspert\u00f3w, najwy\u017cszych i ni\u017cszych brodatych przyw\u00f3dc\u00f3w.\u00a0\u00a0<\/p>\n<p>Tylko gdzie j\u0105 w Iranie znale\u017a\u0107? Przecie\u017c ten system p\u00f3\u0142demokracji w pe\u0142nej teokracji nie zosta\u0142 Iranowi narzucony przez obce armie. Sami go stworzyli, sami rozwijali. Tu analogia z demoludami si\u0119 ko\u0144czy. Socjalizmu radzieckiego ma\u0142o kto chcia\u0142 w powojennej Europie. Islamsk\u0105 republik\u0119 proklamowano na gruzach przegni\u0142ego pa\u0144stwa szacha z powszechnym rewolucyjnym entuzjazmem.<\/p>\n<p>Wi\u0119c co ma by\u0107 celem opozycji, o ile kiedy\u015b powstanie? Reforma republiki islamskiej czy jej likwidacja? Nie widz\u0119 tej ostatniej, tej, kt\u00f3ra m\u00f3wi teokracji: do\u015b\u0107. Taka opozycja dzia\u0142a na wygnaniu. Jest wi\u0119c Iran na etapie lat 50, mo\u017ce 60, z punktu widzenia historii politycznej realnego socjalizmu. P\u00f3ki nie wy\u0142oni si\u0119 w nim opozycja antysystemowa, antyteokratyczna, kraj b\u0119dzie si\u0119 miota\u0142 w obecnej pu\u0142apce, w kt\u00f3r\u0105 sam si\u0119 wp\u0119dzi\u0142.\u00a0\u00a0\u00a0\u00a0\u00a0\u00a0\u00a0\u00a0\u00a0\u00a0\u00a0\u00a0<\/p>\n","protected":false},"excerpt":{"rendered":"<p>Oj, chyba d\u0142ugo. S\u0142ucham prezydenta Ahmadined\u017cada, a jakbym s\u0142ysza\u0142 gensek\u00f3w. Pod flag\u0105 islamu i Iranu robi si\u0119 dok\u0142adnie to samo co pod flag\u0105 demolud\u00f3w. Fa\u0142szuje si\u0119 wybory i wbija dziecko w brzuch swoim i obcym, \u017ce nar\u00f3d popiera\u0142 i popiera, a nic nieznacz\u0105cy margines to warcho\u0142y i z\u0142ote ptaki utuczone na krzywdzie ludu. No bo [&hellip;]<\/p>\n","protected":false},"author":3,"featured_media":0,"comment_status":"open","ping_status":"open","sticky":false,"template":"","format":"standard","meta":{"footnotes":""},"categories":[1],"tags":[],"_links":{"self":[{"href":"https:\/\/blog.polityka.pl\/szostkiewicz\/wp-json\/wp\/v2\/posts\/496"}],"collection":[{"href":"https:\/\/blog.polityka.pl\/szostkiewicz\/wp-json\/wp\/v2\/posts"}],"about":[{"href":"https:\/\/blog.polityka.pl\/szostkiewicz\/wp-json\/wp\/v2\/types\/post"}],"author":[{"embeddable":true,"href":"https:\/\/blog.polityka.pl\/szostkiewicz\/wp-json\/wp\/v2\/users\/3"}],"replies":[{"embeddable":true,"href":"https:\/\/blog.polityka.pl\/szostkiewicz\/wp-json\/wp\/v2\/comments?post=496"}],"version-history":[{"count":0,"href":"https:\/\/blog.polityka.pl\/szostkiewicz\/wp-json\/wp\/v2\/posts\/496\/revisions"}],"wp:attachment":[{"href":"https:\/\/blog.polityka.pl\/szostkiewicz\/wp-json\/wp\/v2\/media?parent=496"}],"wp:term":[{"taxonomy":"category","embeddable":true,"href":"https:\/\/blog.polityka.pl\/szostkiewicz\/wp-json\/wp\/v2\/categories?post=496"},{"taxonomy":"post_tag","embeddable":true,"href":"https:\/\/blog.polityka.pl\/szostkiewicz\/wp-json\/wp\/v2\/tags?post=496"}],"curies":[{"name":"wp","href":"https:\/\/api.w.org\/{rel}","templated":true}]}}