
{"id":498,"date":"2009-06-18T16:41:08","date_gmt":"2009-06-18T15:41:08","guid":{"rendered":"http:\/\/szostkiewicz.blog.polityka.pl\/?p=498"},"modified":"2009-06-18T19:50:44","modified_gmt":"2009-06-18T18:50:44","slug":"zaproscie-papieza-do-gdanska","status":"publish","type":"post","link":"https:\/\/blog.polityka.pl\/szostkiewicz\/2009\/06\/18\/zaproscie-papieza-do-gdanska\/","title":{"rendered":"Zapro\u015bcie papie\u017ca do Gda\u0144ska"},"content":{"rendered":"<p>Zapowiada si\u0119 wsp\u00f3lny list katolickich biskup\u00f3w polskich i niemieckich na 70 rocznic\u0119 wybuchu wojny. Ma zawiera\u0107 krytyk\u0119 manipulowania tragediami historii na u\u017cytek bie\u017c\u0105cej gry politycznej. O tre\u015bci nic wi\u0119cej nie wiemy, bo na razie jest tylko idea, wyznaje abp Nycz.<\/p>\n<p>Idea mi si\u0119 podoba. Kiedy og\u0142oszono s\u0142ynny list biskup\u00f3w polskich do niemieckich z przebaczeniem i pro\u015bb\u0105 o przebaczenie, mia\u0142em raptem 13 lat, wi\u0119c nie mia\u0142em poj\u0119cia, \u017ce w\u0142a\u015bnie dzieje si\u0119 historia.<\/p>\n<p>Dopiero po latach zrozumia\u0142em, dlaczego list by\u0142 wa\u017cny, nie tylko na p\u0142aszczy\u017anie ko\u015bcielnej, ale i pa\u0144stwowo-politycznej. A tak\u017ce, jak fatalnie zosta\u0142 przyj\u0119ty nie tylko przez propagand\u0119 Gomu\u0142ki, ale i wi\u0119kszo\u015b\u0107 katolickiego narodu. Gomu\u0142ka m\u00f3g\u0142 wtedy zniszczy\u0107 Ko\u015bci\u00f3\u0142, a\u017c dziw, \u017ce nie uleg\u0142 pokusie.<\/p>\n<p>Ko\u015bci\u00f3\u0142 mia\u0142 te\u017c wtedy sw\u00f3j interes w wzajemnym pojednaniu. Chodzi\u0142o o pe\u0142ne uznanie przez Watykan polskiej administracji ko\u015bcielnej na ziemiach przy\u0142\u0105czonych po 1945 r.Ale torowa\u0142 te\u017c drog\u0119 &#8211; jest rzecz\u0105 do dyskusji na ile \u015bwiadomie &#8211; do wizyty kanclerza Brandta w Warszawie, bezwarunkowego uznania przez Bonn granicy na Odrze i Nysie, a wreszcie do s\u0142ynnego u\u015bcisku Kohla i Mazowieckiego w Krzy\u017cowej w 1990 r.<\/p>\n<p>Teraz to bezcenne dziedzictwo dialogu, wsp\u00f3\u0142pracy i pojednania jest kwestionowane. W Polsce przez PiS, w Niemczech przez od\u0142am CDU. Biskupie upomnienie si\u0119 im nale\u017cy, ale b\u0105d\u017amy realistami. Polityczne znaczenie takich list\u00f3w &#8211; czy do podpisu zostan\u0105 zaproszenie biskupi protestanccy? &#8211; w naszej epoce jest inne ni\u017c w latach 60 czy nawet w roku 2005, kiedy list, podobny w tre\u015bci i duchu do tego teraz zapowiadanego, oba katolickie episkopaty og\u0142osi\u0142y w 40 rocznic\u0119 tego pierwszego, historycznego. Trzeci z kolei nie mo\u017ce ju\u017c mie\u0107 takiego rezonansu, zreszt\u0105 powt\u00f3rzy zapewne tezy drugiego.<\/p>\n<p>Rezonans i to pot\u0119\u017cny mia\u0142oby za to or\u0119dzie pokojowe wystosowane z Gda\u0144ska w 70 rocznic\u0119 wybuchu najpotworniejszej wojny w dziejach przez Benedykta XVI. Czy kto\u015b z dostojnik\u00f3w polityki i Ko\u015bcio\u0142a szykuj\u0105cych obchody tej rocznicy w og\u00f3le o tym pomy\u015bla\u0142? Papie\u017c Niemiec w polskim Gda\u0144sku wo\u0142aj\u0105cy ,,nigdy wi\u0119cej wojny!&#8221; &#8211; to by\u0142aby historia tworz\u0105ca si\u0119 na naszych oczach, jak w 1965 r. list polskich biskup\u00f3w.<\/p>\n","protected":false},"excerpt":{"rendered":"<p>Zapowiada si\u0119 wsp\u00f3lny list katolickich biskup\u00f3w polskich i niemieckich na 70 rocznic\u0119 wybuchu wojny. Ma zawiera\u0107 krytyk\u0119 manipulowania tragediami historii na u\u017cytek bie\u017c\u0105cej gry politycznej. O tre\u015bci nic wi\u0119cej nie wiemy, bo na razie jest tylko idea, wyznaje abp Nycz. Idea mi si\u0119 podoba. Kiedy og\u0142oszono s\u0142ynny list biskup\u00f3w polskich do niemieckich z przebaczeniem i [&hellip;]<\/p>\n","protected":false},"author":3,"featured_media":0,"comment_status":"open","ping_status":"open","sticky":false,"template":"","format":"standard","meta":{"footnotes":""},"categories":[1],"tags":[],"_links":{"self":[{"href":"https:\/\/blog.polityka.pl\/szostkiewicz\/wp-json\/wp\/v2\/posts\/498"}],"collection":[{"href":"https:\/\/blog.polityka.pl\/szostkiewicz\/wp-json\/wp\/v2\/posts"}],"about":[{"href":"https:\/\/blog.polityka.pl\/szostkiewicz\/wp-json\/wp\/v2\/types\/post"}],"author":[{"embeddable":true,"href":"https:\/\/blog.polityka.pl\/szostkiewicz\/wp-json\/wp\/v2\/users\/3"}],"replies":[{"embeddable":true,"href":"https:\/\/blog.polityka.pl\/szostkiewicz\/wp-json\/wp\/v2\/comments?post=498"}],"version-history":[{"count":0,"href":"https:\/\/blog.polityka.pl\/szostkiewicz\/wp-json\/wp\/v2\/posts\/498\/revisions"}],"wp:attachment":[{"href":"https:\/\/blog.polityka.pl\/szostkiewicz\/wp-json\/wp\/v2\/media?parent=498"}],"wp:term":[{"taxonomy":"category","embeddable":true,"href":"https:\/\/blog.polityka.pl\/szostkiewicz\/wp-json\/wp\/v2\/categories?post=498"},{"taxonomy":"post_tag","embeddable":true,"href":"https:\/\/blog.polityka.pl\/szostkiewicz\/wp-json\/wp\/v2\/tags?post=498"}],"curies":[{"name":"wp","href":"https:\/\/api.w.org\/{rel}","templated":true}]}}