
{"id":500,"date":"2009-06-21T23:23:11","date_gmt":"2009-06-21T22:23:11","guid":{"rendered":"http:\/\/szostkiewicz.blog.polityka.pl\/?p=500"},"modified":"2009-06-21T23:30:29","modified_gmt":"2009-06-21T22:30:29","slug":"neda-nie-umarla-za-mullow","status":"publish","type":"post","link":"https:\/\/blog.polityka.pl\/szostkiewicz\/2009\/06\/21\/neda-nie-umarla-za-mullow\/","title":{"rendered":"Neda nie umar\u0142a za mu\u0142\u0142\u00f3w"},"content":{"rendered":"<p>\u015awiat z przera\u017ceniem ogl\u0105da kr\u00f3tki film o umieraniu m\u0142odziutkiej demonstrantki z Teheranu. Czy ma na imi\u0119 Neda i jakie s\u0105 szczeg\u00f3ly tej tragedii do ko\u0144ca nie wiadomo. Islamski re\u017cim blokuje informacje o protestach i usuwa z Teheranu niewygodnych, bo dociekliwych dziennikarzy.<\/p>\n<p>Ale Neda ju\u017c sta\u0142a si\u0119 bohaterk\u0105, ira\u0144skim odpowiednikiem Grzegorza Przemyka, zamordowanego na komisariacie milicji maturzysty, uczestnika ulicznych protest\u00f3w zdelegalizowanej Solidarno\u015bci w Warszawie.<\/p>\n<p>Nie mog\u0119 si\u0119 zdoby\u0107 na wa\u017cenie racji za i przeciw protestom, kiedy zbiry na us\u0142ugach re\u017cimu zabijaj\u0105 z ukrycia wsp\u00f3\u0142obywateli i wsp\u00f3\u0142rodak\u00f3w. To moralna kompromitacja islamskiej republiki. Z krwi\u0105 Nedy na r\u0119kach mo\u017ce mniej b\u0119dzie poucza\u0142a\u00a0o wy\u017cszo\u015bci ,,demokracji religijnej&#8221; nad zachodni\u0105.\u00a0<\/p>\n<p>Neda posz\u0142a z ojcem demonstrowa\u0107 przeciwko ukradzionym wyborom, za ich powt\u00f3rzeniem, za r\u00f3wnymi szansami dla rywali Ahmadined\u017cada, s\u0142owem &#8211; za wolno\u015bci\u0105 w najbardziej elementarnym znaczeniu. Ale udzia\u0142 w demonstracji w sobot\u0119, ju\u017c po z\u0142owr\u00f3\u017cbnym kazaniu tak zwanego Najwy\u017cszego Przyw\u00f3dcy, by\u0142 te\u017c aktem sprzeciwu wobec pa\u0144stwa religijnego, zmuszaj\u0105cego obywateli do pos\u0142usze\u0144stwa fanatykom nienawistnym \u015bwiatu i cz\u0119\u015bci w\u0142asnego spo\u0142ecze\u0144stwa. Wydarzenia po ukradzionych wyborach demaskuj\u0105 prawdziwy charakter ira\u0144skiej teokracji. Nie dajmy si\u0119 zwie\u015b\u0107: albo republika albo teokracja.<\/p>\n<p>Na s\u0142owa prawdy i gesty pojednania ze strony mu\u0142\u0142\u00f3w pokroju Chameneia i aparatczyk\u00f3w pokroju Ahmadined\u017cda czy ministra spraw zagranicznych nie ma co liczy\u0107. Ale czekam na wyra\u017any g\u0142os sprzeciwu wobec przemocy ze strony tych ajatollah\u00f3w i tych polityk\u00f3w, kt\u00f3rym tacy jak Neda zawierzyli, \u017ce w islamskiej republice jest miejsce na republik\u0119, a nie tylko na islam pod protekcj\u0105 pa\u0142ek.\u00a0\u00a0\u00a0\u00a0\u00a0\u00a0\u00a0\u00a0\u00a0\u00a0\u00a0\u00a0\u00a0\u00a0\u00a0\u00a0\u00a0\u00a0\u00a0\u00a0\u00a0\u00a0<\/p>\n","protected":false},"excerpt":{"rendered":"<p>\u015awiat z przera\u017ceniem ogl\u0105da kr\u00f3tki film o umieraniu m\u0142odziutkiej demonstrantki z Teheranu. Czy ma na imi\u0119 Neda i jakie s\u0105 szczeg\u00f3ly tej tragedii do ko\u0144ca nie wiadomo. Islamski re\u017cim blokuje informacje o protestach i usuwa z Teheranu niewygodnych, bo dociekliwych dziennikarzy. Ale Neda ju\u017c sta\u0142a si\u0119 bohaterk\u0105, ira\u0144skim odpowiednikiem Grzegorza Przemyka, zamordowanego na komisariacie milicji [&hellip;]<\/p>\n","protected":false},"author":3,"featured_media":0,"comment_status":"open","ping_status":"open","sticky":false,"template":"","format":"standard","meta":{"footnotes":""},"categories":[1],"tags":[],"_links":{"self":[{"href":"https:\/\/blog.polityka.pl\/szostkiewicz\/wp-json\/wp\/v2\/posts\/500"}],"collection":[{"href":"https:\/\/blog.polityka.pl\/szostkiewicz\/wp-json\/wp\/v2\/posts"}],"about":[{"href":"https:\/\/blog.polityka.pl\/szostkiewicz\/wp-json\/wp\/v2\/types\/post"}],"author":[{"embeddable":true,"href":"https:\/\/blog.polityka.pl\/szostkiewicz\/wp-json\/wp\/v2\/users\/3"}],"replies":[{"embeddable":true,"href":"https:\/\/blog.polityka.pl\/szostkiewicz\/wp-json\/wp\/v2\/comments?post=500"}],"version-history":[{"count":0,"href":"https:\/\/blog.polityka.pl\/szostkiewicz\/wp-json\/wp\/v2\/posts\/500\/revisions"}],"wp:attachment":[{"href":"https:\/\/blog.polityka.pl\/szostkiewicz\/wp-json\/wp\/v2\/media?parent=500"}],"wp:term":[{"taxonomy":"category","embeddable":true,"href":"https:\/\/blog.polityka.pl\/szostkiewicz\/wp-json\/wp\/v2\/categories?post=500"},{"taxonomy":"post_tag","embeddable":true,"href":"https:\/\/blog.polityka.pl\/szostkiewicz\/wp-json\/wp\/v2\/tags?post=500"}],"curies":[{"name":"wp","href":"https:\/\/api.w.org\/{rel}","templated":true}]}}