
{"id":502,"date":"2009-06-25T17:15:54","date_gmt":"2009-06-25T16:15:54","guid":{"rendered":"http:\/\/szostkiewicz.blog.polityka.pl\/?p=502"},"modified":"2009-06-26T17:58:46","modified_gmt":"2009-06-26T16:58:46","slug":"kosciol-a-nie-panstwo-ma-krzewic-wartosci-chrzescijanskie","status":"publish","type":"post","link":"https:\/\/blog.polityka.pl\/szostkiewicz\/2009\/06\/25\/kosciol-a-nie-panstwo-ma-krzewic-wartosci-chrzescijanskie\/","title":{"rendered":"Ko\u015bci\u00f3\u0142, a nie pa\u0144stwo, ma krzewi\u0107 warto\u015bci chrze\u015bcija\u0144skie"},"content":{"rendered":"<p>Jan Rokita pomstuje w Dzienniku na biskup\u00f3w, \u017ce mieszaj\u0105 si\u0119 do sprawy abonamentu RTV i robi\u0105 to g\u0142upio. Oh yeah! biskupi sobie na to wywo\u0142anie do tablicy przez Rokit\u0119 zas\u0142u\u017cyli. To kompletnie nie ich sprawa, tylko rz\u0105du. Ten rz\u0105d wprawdzie sporo zrobi\u0142 &#8211; jak i wcze\u015bniejsze, w\u0142\u0105cznie z lewicowymi &#8211; by Ko\u015bci\u00f3\u0142 pozwala\u0142 sobie na podobne ingerencje w nie swoj\u0105 sfer\u0119, ale tym razem si\u0119 nie da\u0142 i szkoda, \u017ce Rokita tego nie zaznaczy\u0142.<\/p>\n<p>Rokita \u0142agodzi sw\u0105 krytyk\u0119, pr\u00f3buj\u0105c zwali\u0107 odpowiedzialno\u015b\u0107 za wpadk\u0119 episkopatu na jakich\u015b tajemniczych a wirtualnych doradc\u00f3w, konsultant\u00f3w i lobbyst\u00f3w, kt\u00f3rym nieszcz\u0119\u015bni biskupi zaufali. Ale to przecie\u017c w istocie jeszcze bardziej demaskuje niekompetencj\u0119 hierarch\u00f3w w dziedzinie medi\u00f3w i ich funkcjonowania.<\/p>\n<p>Prawda jest jeszcze gorsza. Biskupi &#8211; zw\u0142aszcza ci oddelegowani do spraw medi\u00f3w &#8211; w\u0142a\u015bnie uwa\u017caj\u0105 si\u0119 za ekspert\u00f3w i wcale nie trzeba im \u017cadnych doradc\u00f3w. Oni doskonale wiedz\u0105, jak zreformowa\u0107 i sfinansowa\u0107 media publiczne. Takie maj\u0105 prze\u015bwiadczenie i w\u0142a\u015bnie dlatego z tak\u0105 pewno\u015bci\u0105 siebie plot\u0105 androny na przyk\u0142ad o niszczeniu warto\u015bci chrze\u015bcija\u0144skich w mediach, w czym wt\u00f3ruj\u0105 im niekt\u00f3rzy prawicowi publicy\u015bci i politycy. Ale belki we w\u0142asnym oku &#8211; Radia Maryja &#8211; biskupi nie widz\u0105. To RM bardziej zagra\u017ca warto\u015bciom chrze\u015bcija\u0144skim ni\u017c prywatyzacja TVP.<\/p>\n<p>A tu niestety Tusk si\u0119 ugi\u0105\u0142. Przyj\u0119to senack\u0105 poprawk\u0119 o ,,warto\u015bciach chrze\u015bcija\u0144skich&#8221; w mediach publicznych. Pewno zrobi\u0142 to po to, by nie dawa\u0107 pretekstu katoendekom w PiS i gdzie indziej. Ale to b\u0142\u0105d. Pilnowanie warto\u015bci chrze\u015bcija\u0144skich to nie jest sprawa pa\u0144stwa, kt\u00f3re jest konstytucyjnie oddzielone od Ko\u015bcio\u0142\u00f3w. To jest sprawa w\u0142a\u015bnie Ko\u015bcio\u0142\u00f3w i wsp\u00f3lnot chrze\u015bcija\u0144skich, w tym Ko\u015bcio\u0142a rzymskokatolickiego, kt\u00f3ry i tak ma ju\u017c osobn\u0105 umow\u0119 z rz\u0105dem o transmisji uroczysto\u015bci religijnych. Krzewi\u0107 warto\u015bci chrze\u015bcija\u0144skie maj\u0105 chrze\u015bcijanie.<\/p>\n<p>Nie wszyscy w Polsce s\u0105 chrze\u015bcijanami, nie wszyscy w mediach s\u0105 chrze\u015bcijanami. Krzewienie warto\u015bci chrze\u015bcija\u0144skich drog\u0105 obligacji prawnych to \u0142atwizna, odbarczanie si\u0119 przez Ko\u015bci\u00f3\u0142 z tego, czemu ma on przede wszystkim s\u0142u\u017cy\u0107. A przecie\u017c Ko\u015bcio\u0142y i wszelkiego typu spo\u0142eczne organizacje chrze\u015bcijan maj\u0105 w Polsce pe\u0142n\u0105 swobod\u0119 dzia\u0142ania. Niech z niej korzystaj\u0105, ale nie pod naciskiem pa\u0144stwa. Bo wtedy mamy pa\u0144stwo wyznaniowe, a tego Polsce nie \u017cycz\u0119. To gro\u017aniejsza zaraza ni\u017c onegdaj pa\u0144stwo przymusowego ateizmu.<\/p>\n<p>PS. Kr\u0105\u017c\u0105 mejle ostrzegaj\u0105ce, \u017ce jutro zwolennicy tak zwanego Obozu Wielkiej Polski planuj\u0105 pod budynkiem \u017bydowskiego Instytutu Historycznego demonstracj\u0119 przeciwko, a jak\u017ce, fa\u0142szowaniu historii przez dr. Alin\u0119 Ca\u0142\u0105. (Przypomnia\u0142a niedawno w Rzepie o wsp\u00f3\u0142odpowiedzialno\u015bci Ko\u015bcio\u0142a i endecji za tragedi\u0119 \u017byd\u00f3w). Miasto Warszawa powiadomi\u0142o Instytut, \u017ce wniosek o legalizacj\u0119 tej demonstracji wp\u0142yn\u0105\u0142 do magistratu. Ludzie dobrej woli skrzykuj\u0105 si\u0119 pod \u017bIH przeciwko neofaszystom. Nie mog\u0119 niestety by\u0107 jutro w Warszawie, ale sercem i umys\u0142em jest z dr. Ca\u0142\u0105 i tymi, kt\u00f3rzy stan\u0105 w jej obronie.<\/p>\n<p>\u00a0<\/p>\n<p>\u00a0<\/p>\n","protected":false},"excerpt":{"rendered":"<p>Jan Rokita pomstuje w Dzienniku na biskup\u00f3w, \u017ce mieszaj\u0105 si\u0119 do sprawy abonamentu RTV i robi\u0105 to g\u0142upio. Oh yeah! biskupi sobie na to wywo\u0142anie do tablicy przez Rokit\u0119 zas\u0142u\u017cyli. To kompletnie nie ich sprawa, tylko rz\u0105du. Ten rz\u0105d wprawdzie sporo zrobi\u0142 &#8211; jak i wcze\u015bniejsze, w\u0142\u0105cznie z lewicowymi &#8211; by Ko\u015bci\u00f3\u0142 pozwala\u0142 sobie na [&hellip;]<\/p>\n","protected":false},"author":3,"featured_media":0,"comment_status":"open","ping_status":"open","sticky":false,"template":"","format":"standard","meta":{"footnotes":""},"categories":[1],"tags":[],"_links":{"self":[{"href":"https:\/\/blog.polityka.pl\/szostkiewicz\/wp-json\/wp\/v2\/posts\/502"}],"collection":[{"href":"https:\/\/blog.polityka.pl\/szostkiewicz\/wp-json\/wp\/v2\/posts"}],"about":[{"href":"https:\/\/blog.polityka.pl\/szostkiewicz\/wp-json\/wp\/v2\/types\/post"}],"author":[{"embeddable":true,"href":"https:\/\/blog.polityka.pl\/szostkiewicz\/wp-json\/wp\/v2\/users\/3"}],"replies":[{"embeddable":true,"href":"https:\/\/blog.polityka.pl\/szostkiewicz\/wp-json\/wp\/v2\/comments?post=502"}],"version-history":[{"count":0,"href":"https:\/\/blog.polityka.pl\/szostkiewicz\/wp-json\/wp\/v2\/posts\/502\/revisions"}],"wp:attachment":[{"href":"https:\/\/blog.polityka.pl\/szostkiewicz\/wp-json\/wp\/v2\/media?parent=502"}],"wp:term":[{"taxonomy":"category","embeddable":true,"href":"https:\/\/blog.polityka.pl\/szostkiewicz\/wp-json\/wp\/v2\/categories?post=502"},{"taxonomy":"post_tag","embeddable":true,"href":"https:\/\/blog.polityka.pl\/szostkiewicz\/wp-json\/wp\/v2\/tags?post=502"}],"curies":[{"name":"wp","href":"https:\/\/api.w.org\/{rel}","templated":true}]}}