
{"id":5102,"date":"2017-06-26T12:24:29","date_gmt":"2017-06-26T10:24:29","guid":{"rendered":"http:\/\/szostkiewicz.blog.polityka.pl\/?p=5102"},"modified":"2017-06-26T13:32:42","modified_gmt":"2017-06-26T11:32:42","slug":"narodowa-deprawacja","status":"publish","type":"post","link":"https:\/\/blog.polityka.pl\/szostkiewicz\/2017\/06\/26\/narodowa-deprawacja\/","title":{"rendered":"Narodowa deprawacja"},"content":{"rendered":"<p>W Radomiu w rocznic\u0119 robotniczego protestu z 1976 r. prawicowi chuligani napadli na dzia\u0142acza lokalnego KOD, kt\u00f3ry \u015bwi\u0119towa\u0142 historyczny zryw przeciwko rz\u0105dom PZPR. Ostrzegamy od dawna, \u017ce tolerowanie takich incydent\u00f3w oswaja si\u0119ganie po polityczn\u0105 przemoc przeciwko obywatelom, kt\u00f3rzy powinni by\u0107 przed ni\u0105 chronieni przez pa\u0144stwo. Zaatakowany w Radomiu nie by\u0142 chroniony. Policja nie chroni\u0142a manifestacji kodowskiej.<br \/>\n<!--more--><br \/>\nW pa\u0144stwie demokratycznym ochrona policyjna przys\u0142uguje ka\u017cdej zgodnej z prawem manifestacji. Je\u015bli pa\u0144stwo jedne chroni, a innych nie chroni, cho\u0107 s\u0105 zgodne z prawem, to przestaje by\u0107 demokratyczne. Polacy\u00a0sw\u00f3j rozum maj\u0105. \u015aledz\u0105 media, wyci\u0105gaj\u0105 wnioski. Przekaz jest taki: warto by\u0107 w przyja\u017ani z pisowsk\u0105 w\u0142adz\u0105, lepiej si\u0119 nie wychyla\u0107. Tak jak w PRL.<\/p>\n<p>Po haniebnej sprawie Igora Stachowiaka nikomu w pisowskim rz\u0105dzie w\u0142os z g\u0142owy nie spad\u0142. Mimo wzburzenia, mimo debaty po stronie nierz\u0105dowej, mimo wielokrotnego pokazywania w TVN scen sadyzmu z udzia\u0142em policjant\u00f3w. Kara, bardzo skromna i sp\u00f3\u017aniona, dotkn\u0119\u0142a cz\u0119\u015b\u0107 sprawc\u00f3w, prze\u0142o\u017conym w resorcie w\u0142os z g\u0142owy nie spad\u0142, a powinien. Mo\u017cna mie\u0107 wra\u017cenie, \u017ce w pa\u0144stwie pisowskim panuje klimat bezkarno\u015bci funkcjonariuszy na szczycie w\u0142adzy i zastraszania os\u00f3b, kt\u00f3re pozostaj\u0105 od niej niezale\u017cne.<\/p>\n<p>Jeszcze za prezydentury Lecha Kaczy\u0144skiego jego brat respektowa\u0142 autonomi\u0119 s\u0105d\u00f3w i szacunek dla ich wyrok\u00f3w. Dzi\u015b, gdy PiS zn\u00f3w rz\u0105dzi i ma wi\u0119kszo\u015b\u0107 parlamentarn\u0105, premierka\u00a0publicznie wesp\u00f3\u0142 z ministrem sprawiedliwo\u015bci atakuje s\u0119dziego, kt\u00f3rego orzeczenie im si\u0119 nie podoba.<\/p>\n<p>W \u015bwiat idzie sygna\u0142: w Polsce politycy podwa\u017caj\u0105 podstaw\u0119 praworz\u0105dno\u015bci. Polityk mo\u017ce wywiera\u0107 publicznie presj\u0119 na s\u0119dzi\u00f3w. A obywatele maj\u0105cy krytyczny stosunek do obecnej w\u0142adzy to nie rywale polityczni, tylko wrogowie. To te\u017c zwiastuje kryzys naszego pa\u0144stwa demokratycznego. Spo\u0142ecze\u0144stwo, w kt\u00f3rym przeciwnik\u00f3w uwa\u017ca si\u0119 za wrog\u00f3w, pr\u0119dzej czy p\u00f3\u017aniej si\u0119 rozpadnie lub przyzwoli na dyktatur\u0119.<\/p>\n<p>Trudno si\u0119 pogodzi\u0107 z tym, \u017ce dzi\u015b z g\u00f3ry p\u0142ynie przyk\u0142ad, \u017ce mo\u017cna k\u0142ama\u0107, \u0142ama\u0107 konstytucj\u0119, ogranicza\u0107 prawa obywatelskie, szykanowa\u0107 warto\u015bciowych ludzi, kt\u00f3rzy s\u0105 niezale\u017cni od rz\u0105dz\u0105cych. \u017be mo\u017cna wszystkim hurtem dorabia\u0107 g\u0119b\u0119 anty-Polaka czy antycz\u0142owieka i donosi\u0107 na nich do obecnej w\u0142adzy ku jej aprobacie: casus Frlji\u0107, casus Owsiak, casus Bodnar. \u017be mo\u017cna wbrew prawu i sprawiedliwo\u015bci budowa\u0107 swoje prywatne fortuny na stanowiskach publicznych, uprawia\u0107 na pot\u0119g\u0119 nepotyzm, stroi\u0107 si\u0119 w kostium patrioty, gdy to przynosi profity.<\/p>\n<p>Patriotyzm niezdolny do krytycznej refleksji nad histori\u0105 narodu wyradza si\u0119 w bezkrytyczny nacjonalizm, kt\u00f3ry jest warto\u015bci\u0105 tylko dla jego wyznawc\u00f3w, a nie ca\u0142ego spo\u0142ecze\u0144stwa.<\/p>\n<p>Skutk\u00f3w tego zniszczenia moralnego nie da si\u0119 szybko naprawi\u0107. Jak obywatele maj\u0105 szanowa\u0107 pa\u0144stwo i prawo, kiedy\u00a0sam prezydent oraz inni rz\u0105dz\u0105cy swoimi dzia\u0142aniami niszcz\u0105 autorytet pa\u0144stwa i prawa?<\/p>\n<p>Za t\u0119 deprawacj\u0119, niszczenie pa\u0144stwa jako dobra wsp\u00f3lnego, zap\u0142acimy wszyscy, cho\u0107 nie wszyscy z nas, obywateli, bior\u0105 udzia\u0142 w deprawacji. Polska naprawd\u0119 zas\u0142uguje na wi\u0119cej, ale czy ta Polska jeszcze istnieje?<\/p>\n","protected":false},"excerpt":{"rendered":"<p>W Radomiu w rocznic\u0119 robotniczego protestu z 1976 r. prawicowi chuligani napadli na dzia\u0142acza lokalnego KOD, kt\u00f3ry \u015bwi\u0119towa\u0142 historyczny zryw przeciwko rz\u0105dom PZPR. Ostrzegamy od dawna, \u017ce tolerowanie takich incydent\u00f3w oswaja si\u0119ganie po polityczn\u0105 przemoc przeciwko obywatelom, kt\u00f3rzy powinni by\u0107 przed ni\u0105 chronieni przez pa\u0144stwo. Zaatakowany w Radomiu nie by\u0142 chroniony. Policja nie chroni\u0142a manifestacji [&hellip;]<\/p>\n","protected":false},"author":3,"featured_media":0,"comment_status":"open","ping_status":"closed","sticky":false,"template":"","format":"standard","meta":{"footnotes":""},"categories":[1],"tags":[],"_links":{"self":[{"href":"https:\/\/blog.polityka.pl\/szostkiewicz\/wp-json\/wp\/v2\/posts\/5102"}],"collection":[{"href":"https:\/\/blog.polityka.pl\/szostkiewicz\/wp-json\/wp\/v2\/posts"}],"about":[{"href":"https:\/\/blog.polityka.pl\/szostkiewicz\/wp-json\/wp\/v2\/types\/post"}],"author":[{"embeddable":true,"href":"https:\/\/blog.polityka.pl\/szostkiewicz\/wp-json\/wp\/v2\/users\/3"}],"replies":[{"embeddable":true,"href":"https:\/\/blog.polityka.pl\/szostkiewicz\/wp-json\/wp\/v2\/comments?post=5102"}],"version-history":[{"count":12,"href":"https:\/\/blog.polityka.pl\/szostkiewicz\/wp-json\/wp\/v2\/posts\/5102\/revisions"}],"predecessor-version":[{"id":5150,"href":"https:\/\/blog.polityka.pl\/szostkiewicz\/wp-json\/wp\/v2\/posts\/5102\/revisions\/5150"}],"wp:attachment":[{"href":"https:\/\/blog.polityka.pl\/szostkiewicz\/wp-json\/wp\/v2\/media?parent=5102"}],"wp:term":[{"taxonomy":"category","embeddable":true,"href":"https:\/\/blog.polityka.pl\/szostkiewicz\/wp-json\/wp\/v2\/categories?post=5102"},{"taxonomy":"post_tag","embeddable":true,"href":"https:\/\/blog.polityka.pl\/szostkiewicz\/wp-json\/wp\/v2\/tags?post=5102"}],"curies":[{"name":"wp","href":"https:\/\/api.w.org\/{rel}","templated":true}]}}