
{"id":5111,"date":"2017-06-20T13:06:07","date_gmt":"2017-06-20T11:06:07","guid":{"rendered":"http:\/\/szostkiewicz.blog.polityka.pl\/?p=5111"},"modified":"2017-06-20T23:31:48","modified_gmt":"2017-06-20T21:31:48","slug":"prezydent-straszy-przelewem-krwi","status":"publish","type":"post","link":"https:\/\/blog.polityka.pl\/szostkiewicz\/2017\/06\/20\/prezydent-straszy-przelewem-krwi\/","title":{"rendered":"Prezydent straszy przelewem krwi"},"content":{"rendered":"<p>W pisowskiej telewizji prywatnej prezydent Duda postraszy\u0142 przelewem krwi. Insynuowa\u0142, \u017ce opozycja obywatelska\u00a0chce podczas kolejnej miesi\u0119cznicy sprowokowa\u0107\u00a0zamieszki i przelew krwi.<br \/>\n<!--more--><br \/>\nDuda wr\u00f3ci\u0142 do tezy z czasu kryzysu parlamentarnego sprowokowanego w zesz\u0142ym roku nie przez opozycj\u0119, tylko przez pisowskiego marsza\u0142ka Sejmu. Doradca prezydenta, prof. Zybertowicz, ten od rozwibrowywania Polski, og\u0142osi\u0142 wtedy, \u017ce je\u015bli dojdzie do przelewu krwi, to b\u0119d\u0105 j\u0105 mieli na r\u0119kach&#8230; Schetyna i Kijowski.<\/p>\n<p>Bo\u017ce, jakich czas\u00f3w do\u017cyli\u015bmy w wolnej Polsce: straszenia przez demokratycznie wybranego prezydenta jednych obywateli innymi! Co te jego s\u0142owa w\u0142a\u015bciwie maj\u0105 znaczy\u0107? Czy s\u0105 pogr\u00f3\u017ck\u0105? Kolejnym sygna\u0142em, \u017ce pisowski ob\u00f3z w\u0142adzy \u017cyje\u00a0w \u015bwiecie paranoi wietrz\u0105cej wsz\u0119dzie spiski przeciwko sobie? Typowym dla Dudy i innych polityk\u00f3w PiS mieleniem j\u0119zykiem bez pomy\u015blunku?<\/p>\n<p>Opozycja demokratyczna powinna wzi\u0105\u0107 pod uwag\u0119, \u017ce podczas miesi\u0119cznicy czy innego pisowskiego wydarzenia publicznego kto\u015b nieb\u0119d\u0105cy w tej opozycji podszyje si\u0119 pod sympatyka Obywateli RP lub innej opozycyjnej formacji i sprowokuje zamieszki, a nawet rozlew krwi. To klasyczne metody walki z opozycj\u0105 w pa\u0144stwach niedemokratycznych.\u00a0Pod tym pretekstem mog\u0142yby si\u0119 p\u00f3\u017aniej posypa\u0107 aresztowania i represje.<\/p>\n<p>To niebywa\u0142e, \u017ce prezydent Duda m\u00f3wi takie rzeczy o opozycji. Elementarn\u0105 zasad\u0105 systemu demokratycznego jest istnienie legalnej opozycji antyrz\u0105dowej. Nikt nie powinien by\u0107 prze\u015bladowany tylko dlatego, \u017ce nie zgadza si\u0119 z polityk\u0105 obozu w\u0142adzy, \u017ce ma inny ogl\u0105d sytuacji i w zwi\u0105zku z tym protestuje publicznie, nawet w formie pokojowego niepos\u0142usze\u0144stwa obywatelskiego.<\/p>\n<p>Prezydent strasz\u0105cy bez \u017cadnych dowod\u00f3w rozlewem krwi sprowokowanym przez opozycj\u0119 zachowuje si\u0119 jak przyw\u00f3dca autorytarny, wykluczaj\u0105cy przeciwnik\u00f3w politycznych z przestrzeni publicznej.<\/p>\n<p>Niebywa\u0142e s\u0105 te\u017c sposoby walki z obecn\u0105 opozycj\u0105 demokratyczn\u0105. Najpierw uchwala si\u0119 dzi\u0119ki bezsilno\u015bci opozycji ustaw\u0119 naruszaj\u0105c\u0105 konstytucyjn\u0105 gwarancj\u0119 wolno\u015bci zgromadze\u0144 i wolno\u015bci s\u0142owa, a nast\u0119pnie szykanuje si\u0119 na mocy tej restrykcyjnej ustawy ludzi przeciwko temu s\u0142usznie protestuj\u0105cym.<\/p>\n<p>Niebywa\u0142e jest zachowanie szefowej rz\u0105du, kt\u00f3ra na u\u017cytek zewn\u0119trzny deklaruje, \u017ce w Polsce pod rz\u0105dami PiS &#8222;praworz\u0105dno\u015b\u0107 ma si\u0119 jak najlepiej&#8221;. Pani premier jakby nie rozumia\u0142a, \u017ce jej s\u0142owa podlegaj\u0105 niezale\u017cnej weryfikacji w kraju i za granic\u0105. I \u017ce nie wszystkim mo\u017cna wmawia\u0107 swoj\u0105 postprawd\u0119 w sprawie praworz\u0105dno\u015bci, uchod\u017ac\u00f3w i pozycji mi\u0119dzynarodowej Polski pod rz\u0105dami PiS.<\/p>\n<p>To, co przejdzie na wiecach ludowych w Polsce, nie przejdzie na dobrze poinformowanych forach europejskich. Kt\u00f3rych zreszt\u0105 pani Szyd\u0142o dlatego unika, bo mia\u0142aby trudno\u015b\u0107 z wciskaniem pisowskiej postprawdy, zw\u0142aszcza, \u017ce nie zna \u017cadnego j\u0119zyka zachodniego. A rozpaczliwe pr\u00f3by budowy &#8222;kontr-Unii&#8221; w UE pog\u0142\u0119bi\u0105 izolacj\u0119 pisowskiej Warszawy.<\/p>\n<p>Wcale nie ma si\u0119 z czego cieszy\u0107. Wypowiedzi prezydenta i premierki s\u0105 nieprzemakalne na rzeczywisto\u015b\u0107. Potwierdzaj\u0105 najgorsze spekulacje, \u017ce PiS d\u0105\u017cy do konfrontacji z liderami UE, aby wykorzysta\u0107 sp\u00f3r do wyj\u015bcia z Unii. Temu samemu prawdopodobnie s\u0142u\u017cy\u0107 b\u0119dzie wizyta Trumpa w Polsce, o ile do niej dojdzie.<\/p>\n<p>Trudno uwierzy\u0107, \u017ce to wszystko si\u0119 dzieje blisko trzydzie\u015bci lat po odrodzeniu demokratycznego pa\u0144stwa polskiego. Frasyniukowi grozi si\u0119 wi\u0119zieniem, dzia\u0142aczce dawnej opozycji antykomunistycznej ka\u017ce si\u0119 na policji t\u0142umaczy\u0107, dlaczego protestowa\u0142a przeciwko tolerowaniu neofaszyst\u00f3w w przestrzeni publicznej.<\/p>\n<p>Jaka kara spotka Lecha Wa\u0142\u0119s\u0119, je\u015bli p\u00f3jdzie na kontrmanifestacj\u0119 smole\u0144sk\u0105? Rozpaczliwie trwonimy wsp\u00f3lny przecie\u017c dorobek pierwszych dekad naszej trzeciej niepodleg\u0142o\u015bci. Za to mo\u017ce nas spotka\u0107 ci\u0119\u017cka kara: Polska s\u0142aba, bo izolowana, podzielona do rdzenia, nieszanuj\u0105ca praw, kt\u00f3re sama ustanowi\u0142a, i ograniczaj\u0105ca prawa obywateli popieraj\u0105cych legaln\u0105 opozycj\u0119, mo\u017ce d\u0142ugo nie przetrwa\u0107, gdy jaki\u015b nied\u017awied\u017a\u00a0zn\u00f3w zechce nas bratersko przytuli\u0107.<\/p>\n","protected":false},"excerpt":{"rendered":"<p>W pisowskiej telewizji prywatnej prezydent Duda postraszy\u0142 przelewem krwi. Insynuowa\u0142, \u017ce opozycja obywatelska\u00a0chce podczas kolejnej miesi\u0119cznicy sprowokowa\u0107\u00a0zamieszki i przelew krwi.<\/p>\n","protected":false},"author":3,"featured_media":0,"comment_status":"open","ping_status":"closed","sticky":false,"template":"","format":"standard","meta":{"footnotes":""},"categories":[1],"tags":[],"_links":{"self":[{"href":"https:\/\/blog.polityka.pl\/szostkiewicz\/wp-json\/wp\/v2\/posts\/5111"}],"collection":[{"href":"https:\/\/blog.polityka.pl\/szostkiewicz\/wp-json\/wp\/v2\/posts"}],"about":[{"href":"https:\/\/blog.polityka.pl\/szostkiewicz\/wp-json\/wp\/v2\/types\/post"}],"author":[{"embeddable":true,"href":"https:\/\/blog.polityka.pl\/szostkiewicz\/wp-json\/wp\/v2\/users\/3"}],"replies":[{"embeddable":true,"href":"https:\/\/blog.polityka.pl\/szostkiewicz\/wp-json\/wp\/v2\/comments?post=5111"}],"version-history":[{"count":9,"href":"https:\/\/blog.polityka.pl\/szostkiewicz\/wp-json\/wp\/v2\/posts\/5111\/revisions"}],"predecessor-version":[{"id":5121,"href":"https:\/\/blog.polityka.pl\/szostkiewicz\/wp-json\/wp\/v2\/posts\/5111\/revisions\/5121"}],"wp:attachment":[{"href":"https:\/\/blog.polityka.pl\/szostkiewicz\/wp-json\/wp\/v2\/media?parent=5111"}],"wp:term":[{"taxonomy":"category","embeddable":true,"href":"https:\/\/blog.polityka.pl\/szostkiewicz\/wp-json\/wp\/v2\/categories?post=5111"},{"taxonomy":"post_tag","embeddable":true,"href":"https:\/\/blog.polityka.pl\/szostkiewicz\/wp-json\/wp\/v2\/tags?post=5111"}],"curies":[{"name":"wp","href":"https:\/\/api.w.org\/{rel}","templated":true}]}}