
{"id":5122,"date":"2017-06-22T14:24:11","date_gmt":"2017-06-22T12:24:11","guid":{"rendered":"http:\/\/szostkiewicz.blog.polityka.pl\/?p=5122"},"modified":"2017-06-24T09:38:51","modified_gmt":"2017-06-24T07:38:51","slug":"unio-nie-karz-polakow","status":"publish","type":"post","link":"https:\/\/blog.polityka.pl\/szostkiewicz\/2017\/06\/22\/unio-nie-karz-polakow\/","title":{"rendered":"Unio, nie karz Polak\u00f3w"},"content":{"rendered":"<p>W wa\u017cnym wywiadzie dla prasy europejskiej, w tym dla \u201eGazety Wyborczej\u201d,\u00a0prezydent Macron m\u00f3wi, \u017ce Polska zdradzi\u0142a Europ\u0119, porzucaj\u0105c jej zasady, odwracaj\u0105c si\u0119 do niej plecami, traktuj\u0105c j\u0105 cynicznie jak supermerket, z kt\u00f3rego pobiera si\u0119 tylko kredyty.<br \/>\n<!--more--><br \/>\nA je\u015bli \u201enie przyjmuje si\u0119 warto\u015bci (europejskich), to nie jest si\u0119 ju\u017c w Europie, postanawia si\u0119 z niej wyj\u015b\u0107 i trzeba si\u0119 liczy\u0107 z tego konsekwencjami\u201d. I tak jest, tylko \u017ce to nie Polska zdradzi\u0142a Europ\u0119, to zdradza j\u0105 swymi wypowiedziami i swoimi dzia\u0142aniami pisowski rz\u0105d i pisowski prezydent. W Pary\u017cu zapami\u0119tano nie tylko caracale, ale i s\u0142itfoci\u0119 ministra Waszczykowskiego z Marine Le Pen, g\u0142\u00f3wn\u0105 rywalk\u0105 Macrona, faworytk\u0105 Putina.<\/p>\n<p>Po tym wywiadzie nie ma co liczy\u0107 na rych\u0142\u0105 i realn\u0105 reaktywacj\u0119 Tr\u00f3jk\u0105ta Weimarskiego, o co pono\u0107 (s\u0142usznie) zabiega prezydent Duda. Duda polityki uczy si\u0119 ruchami Browna: mno\u017cy inicjatywy niesp\u00f3jnie, chaotycznie i bezsensownie, byle przesta\u0107 by\u0107 Adrianem. Nic konstruktywnego z tego nie b\u0119dzie. Prawdopodobnie pisowska w\u0142adza spartoli tak\u017ce wizyt\u0119 Trumpa w Warszawie, nadaj\u0105c jej wymow\u0119 antyeuropejsk\u0105, zamiast wpisa\u0107 j\u0105 w Tr\u00f3jk\u0105t Weimarski, czyli wykaza\u0107 przy tej okazji, \u017ce gra w dru\u017cynie UE, a nie w antyunijnej dru\u017cynie Trumpa.<\/p>\n<p>Proeuropejska opozycja i proeuropejskie media w Polsce ci\u0105gle przestrzegaj\u0105 przed fatalnymi skutkami pisowskiej polityki zagranicznej. W Unii pog\u0142\u0119bia sie rozczarowanie, a nawet irytacja, Warszaw\u0105 Kaczy\u0144skiego i Budapesztem Orb\u00e1na. Pan Asselborn, minister spraw zagranicznych Luksemburga, wp\u0142ywowego kraju starej Unii, nazwa\u0142 ostatnio katastrof\u0105 kryzys pa\u0144stwa prawa w Polsce pod rz\u0105dami PiS.<\/p>\n<p>Tymczasem premier Szyd\u0142o w wywiadzie dla prasy francuskiej zapewnia\u0142a, \u017ce praworz\u0105dno\u015bci ci u nas dostatek. W takiej sytuacji, o\u015bwiadczy\u0142 Asselborn, trzeba b\u0119dzie &#8222;Polakom i W\u0119grom zada\u0107 pytanie, czy chc\u0105 zosta\u0107 w UE i b\u0119d\u0105 przestrzega\u0107 jej zasad, czy p\u00f3jd\u0105 swoj\u0105 drog\u0105&#8221;. Ale\u017c panie ministrze, chcia\u0142oby si\u0119 zaprotestowa\u0107, Polak\u00f3w nie ma co o to pyta\u0107, bo s\u0105 masywnie za pozostaniem w Unii, trzeba pyta\u0107 Kaczy\u0144skiego i Orb\u00e1na. Takie skr\u00f3ty my\u015blowe s\u0105 dla Polski krzywdz\u0105ce.<\/p>\n<p>Nie wszyscy obywatele Polski i innych kraj\u00f3w nowej Unii s\u0105 ksenofobami, rasistami, nacjonalistami albo redukcjonistami sprowadzaj\u0105cymi cz\u0142onkostwo w Unii do konsumpcji i u\u017cycia na koszt podatnika europejskiego. Nie wszyscy, mo\u017ce nawet mniejszo\u015b\u0107. To polityka pisowska pomaga politykom w starej Unii, niech\u0119tnie nastawionym do nowej, promowa\u0107 negatywny stereotyp tych spo\u0142ecze\u0144stw jako niedojrza\u0142ych do pe\u0142nego uczestnictwa w demokratycznej kulturze zachodniej.<\/p>\n<p>Unia nie powinna ulega\u0107 tej tendencji. Kaczy\u0144ski to nie twarz Polski, tylko PiS. Polityka pisowskiej Warszawy to nie ostatnie s\u0142owo polskiej polityki europejskiej. Jej symbolem pozostanie prof. Geremek, przywo\u0142any przez Macrona w wywiadzie, i Donald Tusk, kt\u00f3ry w czwartek poprowadzi obrady Rady Europejskiej.<\/p>\n","protected":false},"excerpt":{"rendered":"<p>W wa\u017cnym wywiadzie dla prasy europejskiej, w tym dla \u201eGazety Wyborczej\u201d,\u00a0prezydent Macron m\u00f3wi, \u017ce Polska zdradzi\u0142a Europ\u0119, porzucaj\u0105c jej zasady, odwracaj\u0105c si\u0119 do niej plecami, traktuj\u0105c j\u0105 cynicznie jak supermerket, z kt\u00f3rego pobiera si\u0119 tylko kredyty.<\/p>\n","protected":false},"author":3,"featured_media":0,"comment_status":"open","ping_status":"closed","sticky":false,"template":"","format":"standard","meta":{"footnotes":""},"categories":[1],"tags":[],"_links":{"self":[{"href":"https:\/\/blog.polityka.pl\/szostkiewicz\/wp-json\/wp\/v2\/posts\/5122"}],"collection":[{"href":"https:\/\/blog.polityka.pl\/szostkiewicz\/wp-json\/wp\/v2\/posts"}],"about":[{"href":"https:\/\/blog.polityka.pl\/szostkiewicz\/wp-json\/wp\/v2\/types\/post"}],"author":[{"embeddable":true,"href":"https:\/\/blog.polityka.pl\/szostkiewicz\/wp-json\/wp\/v2\/users\/3"}],"replies":[{"embeddable":true,"href":"https:\/\/blog.polityka.pl\/szostkiewicz\/wp-json\/wp\/v2\/comments?post=5122"}],"version-history":[{"count":7,"href":"https:\/\/blog.polityka.pl\/szostkiewicz\/wp-json\/wp\/v2\/posts\/5122\/revisions"}],"predecessor-version":[{"id":5133,"href":"https:\/\/blog.polityka.pl\/szostkiewicz\/wp-json\/wp\/v2\/posts\/5122\/revisions\/5133"}],"wp:attachment":[{"href":"https:\/\/blog.polityka.pl\/szostkiewicz\/wp-json\/wp\/v2\/media?parent=5122"}],"wp:term":[{"taxonomy":"category","embeddable":true,"href":"https:\/\/blog.polityka.pl\/szostkiewicz\/wp-json\/wp\/v2\/categories?post=5122"},{"taxonomy":"post_tag","embeddable":true,"href":"https:\/\/blog.polityka.pl\/szostkiewicz\/wp-json\/wp\/v2\/tags?post=5122"}],"curies":[{"name":"wp","href":"https:\/\/api.w.org\/{rel}","templated":true}]}}