
{"id":5129,"date":"2017-06-24T11:13:28","date_gmt":"2017-06-24T09:13:28","guid":{"rendered":"http:\/\/szostkiewicz.blog.polityka.pl\/?p=5129"},"modified":"2017-06-24T20:44:29","modified_gmt":"2017-06-24T18:44:29","slug":"terroryzm-znaczy-terroryzm","status":"publish","type":"post","link":"https:\/\/blog.polityka.pl\/szostkiewicz\/2017\/06\/24\/terroryzm-znaczy-terroryzm\/","title":{"rendered":"Terroryzm znaczy terroryzm"},"content":{"rendered":"<p>Niedawny atak bia\u0142ego Brytyjczyka na wychodz\u0105cych z londy\u0144skiego meczetu brytyjskich muzu\u0142man\u00f3w w istocie niczym si\u0119 nie r\u00f3\u017cni od wcze\u015bniejszych atak\u00f3w terroryst\u00f3w muzu\u0142ma\u0144skich w Londynie.<br \/>\n<!--more--><br \/>\nBia\u0142y zbrodniarz na\u015bladowa\u0142 metod\u0119 tamtych: furgonetka jako narz\u0119dzie ataku, uderzenie w przypadkowych niewinnych ludzi. Nienawi\u015b\u0107 za\u015blepiaj\u0105ca do tego stopnia, \u017ce nawet w\u0142asna rodzina, w\u0142asne dzieci si\u0119 nie licz\u0105, gdy fanatyzm, mania czy obsesja przejmuje kontrol\u0119 nad cz\u0142owiekiem.<\/p>\n<p>Terroryst\u00f3w \u0142\u0105czy te\u017c zwykle to, \u017ce s\u0105siedzi, rodzina, znajomi i przyjaciele s\u0105 zwykle w szoku, gdy ten czy tamten mi\u0142y i spokojny cz\u0142owiek, niewadz\u0105cy nikomu, a czasem nawet gotowy do pomocy, szykowa\u0142 si\u0119 do zbrodni lub okaza\u0142 si\u0119 zbrodniarzem si\u0119gaj\u0105cym po przemoc, by sia\u0107 strach i wywo\u0142ywa\u0107 \u017c\u0105dz\u0119 zemsty. Cz\u0142owiekiem \u017cyj\u0105cym w psychicznej ba\u0144ce, do tego stopnia oderwanym od realu, \u017ce cz\u0119sto nie potrafi\u0142by nawet wymieni\u0107, jak jego premier czy prezydent ma na nazwisko.<\/p>\n<p>Bia\u0142y terrorysta krzycza\u0142, by zabija\u0107 wszystkich muzu\u0142man\u00f3w. Tak zwani d\u017cihady\u015bci, morduj\u0105c przygodnych niewinnych ludzi, krzycz\u0105, \u017ce &#8222;Allah jest wielki&#8221;.<\/p>\n<p>Bia\u0142y terrorysta atakowa\u0142 z nienawi\u015bci, lecz nie w imi\u0119 religii. To w niczym nie zmniejsza potworno\u015bci jego czynu. Tak jak mordowanie z Bogiem na ustach w niczym nie zmniejsza ani nie usprawiedliwia potworno\u015bci czyn\u00f3w muzu\u0142man\u00f3w terroryst\u00f3w.<\/p>\n<p>Nie ma znaczenia, czy zabija si\u0119 niewinne istoty ludzkie z Bogiem czy bez Boga na sztandarze. W imi\u0119 jakiejkolwiek ideologii. Jest to w \u015bwiecie cywilizowanym zawsze nie do przyj\u0119cia. To akt tch\u00f3rzostwa i obraza Boga. Tch\u00f3rz atakuje s\u0142abych i bezbronnych.<\/p>\n<p>To go odr\u00f3\u017cnia od partyzanta czy bojownika jakiej\u015b sprawy, kt\u00f3ry atakuje tylko przeciwnika uzbrojonego lub cywila reprezentuj\u0105cego re\u017cim czy instytucj\u0119, z kt\u00f3r\u0105 bojowiec walczy ze s\u0142usznych lub nies\u0142usznych powod\u00f3w.<\/p>\n<p>Zamach na cywil\u00f3w, w tym dzieci, to akt barbarzy\u0144ski, niezas\u0142uguj\u0105cy na nic wi\u0119cej ni\u017c bezwarunkowe pot\u0119pienie. Nie ma w nim \u017cadnego heroizmu &#8211; chyba \u017ce w oczach socjopatycznych wsp\u00f3lnik\u00f3w i sympatyk\u00f3w &#8211; \u017cadnej \u015bwi\u0119to\u015bci. S\u0105 w nim tylko nienawi\u015b\u0107, fanatyzm, za\u015blepienie, odcz\u0142owieczenie, a dla wierz\u0105cych dow\u00f3d na istnienie Kusiciela.<\/p>\n<p>Co z tym pocz\u0105\u0107? Jestem pod wra\u017ceniem Brendana Coksa, wdowca po brytyjskiej \u015bwie\u017co upieczonej parlamentarzystce Jo Cox, zamordowanej rok temu w trakcie kampanii przed referendum w sprawie breksitu. Morderc\u0105 by\u0142 bia\u0142y sympatyk brytyjskiej skrajnej prawicy. Tym bia\u0142ym terroryst\u0105 kierowa\u0142a nienawi\u015b\u0107 ideologiczna i nacjonalistyczna, tak jak tymi, kt\u00f3rzy g\u0142osowali za brexitem z nienawi\u015bci do przybyszy z &#8222;nowej&#8221;\u00a0Unii, w tym do Polak\u00f3w nazywanych przez nich &#8222;robactwem&#8221;.<\/p>\n<p>Cox zainicjowa\u0142 stowarzyszenie edukuj\u0105ce do nierobienia r\u00f3\u017cnic mi\u0119dzy terroryzmem bia\u0142ej skrajnej prawicy wymierzonym w muzu\u0142man\u00f3w a terroryzmem muzu\u0142ma\u0144skich ekstremist\u00f3w wymierzonym w wi\u0119kszo\u015b\u0107 obywateli. Terroryzm znaczy terroryzm, nienawi\u015b\u0107 znaczy nienawi\u015b\u0107. A czy sam by przebaczy\u0142 zab\u00f3jcom takim jak ten, kt\u00f3ry zamordowa\u0142 mu \u017con\u0119 i dzieciom matk\u0119?<\/p>\n<p>Najpierw musia\u0142by mie\u0107 przekonanie, \u017ce zbrodniarz szczerze \u017ca\u0142uje swej zbrodni. Na pewno jednak zrobi wszystko, by zbrodnia, jej motywacja i skutki, jakiej pad\u0142y ofiar\u0105 jego \u017cona i rodzina, nie zm\u0105ci\u0142a pami\u0119ci o Joe i jej pozytywnym nastawieniu do ludzi i \u015bwiata. Brendan Cox to prawdziwy bohater etyczny.<\/p>\n<p>Unia Europejska rozkr\u0119ca kampani\u0119, by kasowa\u0107 w internecie wszelkie tre\u015bci propaguj\u0105ce terroryzm, przemoc i nienawi\u015b\u0107, nie tylko na portalach i forach d\u017cihadystycznych, lecz tak\u017ce na portalach i forach bia\u0142ej skrajnej prawicy. To nie wystarczy, ale b\u0119dzie pomocne w walce cywilizacji z barbarzy\u0144stwem.<\/p>\n","protected":false},"excerpt":{"rendered":"<p>Niedawny atak bia\u0142ego Brytyjczyka na wychodz\u0105cych z londy\u0144skiego meczetu brytyjskich muzu\u0142man\u00f3w w istocie niczym si\u0119 nie r\u00f3\u017cni od wcze\u015bniejszych atak\u00f3w terroryst\u00f3w muzu\u0142ma\u0144skich w Londynie.<\/p>\n","protected":false},"author":3,"featured_media":0,"comment_status":"open","ping_status":"closed","sticky":false,"template":"","format":"standard","meta":{"footnotes":""},"categories":[1],"tags":[],"_links":{"self":[{"href":"https:\/\/blog.polityka.pl\/szostkiewicz\/wp-json\/wp\/v2\/posts\/5129"}],"collection":[{"href":"https:\/\/blog.polityka.pl\/szostkiewicz\/wp-json\/wp\/v2\/posts"}],"about":[{"href":"https:\/\/blog.polityka.pl\/szostkiewicz\/wp-json\/wp\/v2\/types\/post"}],"author":[{"embeddable":true,"href":"https:\/\/blog.polityka.pl\/szostkiewicz\/wp-json\/wp\/v2\/users\/3"}],"replies":[{"embeddable":true,"href":"https:\/\/blog.polityka.pl\/szostkiewicz\/wp-json\/wp\/v2\/comments?post=5129"}],"version-history":[{"count":7,"href":"https:\/\/blog.polityka.pl\/szostkiewicz\/wp-json\/wp\/v2\/posts\/5129\/revisions"}],"predecessor-version":[{"id":5138,"href":"https:\/\/blog.polityka.pl\/szostkiewicz\/wp-json\/wp\/v2\/posts\/5129\/revisions\/5138"}],"wp:attachment":[{"href":"https:\/\/blog.polityka.pl\/szostkiewicz\/wp-json\/wp\/v2\/media?parent=5129"}],"wp:term":[{"taxonomy":"category","embeddable":true,"href":"https:\/\/blog.polityka.pl\/szostkiewicz\/wp-json\/wp\/v2\/categories?post=5129"},{"taxonomy":"post_tag","embeddable":true,"href":"https:\/\/blog.polityka.pl\/szostkiewicz\/wp-json\/wp\/v2\/tags?post=5129"}],"curies":[{"name":"wp","href":"https:\/\/api.w.org\/{rel}","templated":true}]}}