
{"id":513,"date":"2009-07-14T22:58:18","date_gmt":"2009-07-14T21:58:18","guid":{"rendered":"http:\/\/szostkiewicz.blog.polityka.pl\/?p=513"},"modified":"2009-07-14T23:03:11","modified_gmt":"2009-07-14T22:03:11","slug":"trzymam-kciuki-za-buzka-i-za-europe","status":"publish","type":"post","link":"https:\/\/blog.polityka.pl\/szostkiewicz\/2009\/07\/14\/trzymam-kciuki-za-buzka-i-za-europe\/","title":{"rendered":"Trzymam kciuki za Buzka i za Europ\u0119"},"content":{"rendered":"<p>\u00a0Buzkowi posz\u0142o, Kami\u0144skiemu nie posz\u0142o. Buzkowi posz\u0142o, bo jest w najsilniejszej eurofrakcji, kt\u00f3ra si\u0119 dogada\u0142a, Kami\u0144skiemu nie posz\u0142o, bo jego frakcja ju\u017c pierwszego dnia funkcjonowania p\u0119k\u0142a jak ba\u0144ka mydlana. To zapowied\u017a tego, co czeka PiS po wyj\u015bciu z frakcji, kt\u00f3rej nie opu\u015bci\u0142a Platforma.<\/p>\n<p>Ciesz\u0119 si\u0119 wyborem Buzka &#8211; czego mu \u017cyczy\u0142em od dawna w tym miejscu &#8211; nie tylko dlatego, \u017ce to symboliczny dow\u00f3d uznania dla Polski i ,,nowej&#8221; Europy, a m\u00f3wi\u0105c mniej patetycznie dow\u00f3d rosn\u0105cego znaczenia tej cz\u0119\u015bci Unii Europejskiej. Ciesz\u0119 si\u0119 te\u017c, bo to szansa na dalsze poprawianie naszego mi\u0119dzynarodowego wizerunku tak nadw\u0105tlonego za rz\u0105d\u00f3w PiS. Buzek, o czym nie wszyscy pami\u0119tamy, nie jest Polakiem katolikiem, lecz Polakiem protestantem, politykiem szukaj\u0105cym kompromisu, a tacy s\u0105 w Europie bardziej w cenie ni\u017c sarmackie warcho\u0142y.<br \/>\nOczywi\u015bcie taki wynegocjowany wcze\u015bniej i za kulisami &#8211; gratulacje, panie premierze! &#8211; wyb\u00f3r nie jest tym samym, co zwyci\u0119stwo w wolnej i bezpo\u015bredniej rywalizacji. Buzek wygra\u0142 mia\u017cd\u017c\u0105co &#8211; 555 (co za liczba, ale mo\u017ce lepiej ni\u017c 666!), ale wszyscy wiemy, \u017ce wed\u0142ug uzgodnionego wcze\u015bniej scenariusza. Nie jest to wyb\u00f3r ca\u0142kiem demokratyczny, ale nie jest te\u017c antydemokratyczny. Taka jest logika polityczna Europy, \u017ce kluczowa jest tu umiej\u0119tno\u015b\u0107 ,,handlowania ko\u0144mi&#8221;.\u00a0\u00a0\u00a0\u00a0\u00a0\u00a0\u00a0<\/p>\n<p>Ale u nas sukces jest zwykle powodem nie do sk\u0142adania gratulacji, lecz do akcji \u015bci\u0105gania z piedesta\u0142u. S\u0142yszymy wi\u0119c, \u017ce\u00a0 Parlament Europejski to instytucja bez wp\u0142ywu i znaczenia, a jej szef to figurant, do czego prof. Buzek doskonale pasuje, bo jest politykiem bez w\u0142a\u015bciwo\u015bci, kt\u00f3ry b\u0119dzie popychad\u0142em w r\u0119kach weteran\u00f3w polityki europejskiej.<\/p>\n<p>A po kl\u0119sce Kami\u0144skiego eurodeputowany Ryszard Legutko bez zmru\u017cenia oka obarczy\u0142 za to odpowiedzialno\u015bci\u0105&#8230;. PO, a nie dysydenta we w\u0142asnej frakcji, Brytyjczyka o wieloletnim sta\u017cu parlamentarnym, kt\u00f3ry nie chcia\u0142 ale musia\u0142 wyj\u015b\u0107 z frakcji chadeckiej, czyli frakcji Buzka. Nie ma takiego faktu, kt\u00f3ry pisowskie m\u0142yny nie przemieli\u0142yby na antyplatformian\u0105 trutk\u0119.<\/p>\n<p>Przegrana Kami\u0144skiego nie jest wielk\u0105 strat\u0105 dla europarlamentu. Nie b\u0119d\u0119 nad losem tego politycznego fircyka w zalotach roni\u0142 krokodylich \u0142ez. Tak samo nic a nic mi nie przeszkadza marginalizacja PiS jako ca\u0142o\u015bci, czego upokarzaj\u0105ca przegrana Kami\u0144skiego jest pierwszym przyk\u0142adem. Opisuj\u0105cy spraw\u0119 w swym blogu dziennikarz BBC nawet nie wymieni\u0142 jego nazwiska.<\/p>\n<p>Na Kami\u0144skim, a nawet na Buzku Parlament si\u0119 nie ko\u0144czy. Uk\u0142ad chadek\u00f3w z socjalistami dotrzymany, Buzek uhonorowany, do dzie\u0142a. Ale ju\u017c na starcie mamy problem: odsuni\u0119cie sprawy reelekcji Barroso na jesie\u0144, k\u0142opot z deputowanymi ze skrajnej prawicy. Nie mo\u017cna ich ca\u0142kowicie bojkotowa\u0107, bo maj\u0105 demokratyczny mandat. Delegacje narodowe musz\u0105 wypracowa\u0107 tu jakie\u015b sensowne stanowisko. Ambasada brytyjska postanowi\u0142a na raut z okazji inauguracji PE dw\u00f3ch brytyjskich nacjonalist\u00f3w nie zaprasza\u0107. A co z tym fantem zrobi Parlament? To w\u0142a\u015bnie jedno z zada\u0144 staj\u0105cych przez Jerzym Buzkiem. Jego g\u0142\u00f3wna rola &#8211; za kt\u00f3r\u0105 nie pobiera dodatkowej pensji &#8211; polega w\u0142a\u015bnie na ustawieniu tonu atmosfery prac parlamentarnych. Trzymam kciuki za Buzka i Europ\u0119.\u00a0\u00a0\u00a0\u00a0<\/p>\n<p>\u00a0<\/p>\n<p>\u00a0\u00a0\u00a0\u00a0<\/p>\n","protected":false},"excerpt":{"rendered":"<p>\u00a0Buzkowi posz\u0142o, Kami\u0144skiemu nie posz\u0142o. Buzkowi posz\u0142o, bo jest w najsilniejszej eurofrakcji, kt\u00f3ra si\u0119 dogada\u0142a, Kami\u0144skiemu nie posz\u0142o, bo jego frakcja ju\u017c pierwszego dnia funkcjonowania p\u0119k\u0142a jak ba\u0144ka mydlana. To zapowied\u017a tego, co czeka PiS po wyj\u015bciu z frakcji, kt\u00f3rej nie opu\u015bci\u0142a Platforma. Ciesz\u0119 si\u0119 wyborem Buzka &#8211; czego mu \u017cyczy\u0142em od dawna w tym [&hellip;]<\/p>\n","protected":false},"author":3,"featured_media":0,"comment_status":"open","ping_status":"open","sticky":false,"template":"","format":"standard","meta":{"footnotes":""},"categories":[1],"tags":[],"_links":{"self":[{"href":"https:\/\/blog.polityka.pl\/szostkiewicz\/wp-json\/wp\/v2\/posts\/513"}],"collection":[{"href":"https:\/\/blog.polityka.pl\/szostkiewicz\/wp-json\/wp\/v2\/posts"}],"about":[{"href":"https:\/\/blog.polityka.pl\/szostkiewicz\/wp-json\/wp\/v2\/types\/post"}],"author":[{"embeddable":true,"href":"https:\/\/blog.polityka.pl\/szostkiewicz\/wp-json\/wp\/v2\/users\/3"}],"replies":[{"embeddable":true,"href":"https:\/\/blog.polityka.pl\/szostkiewicz\/wp-json\/wp\/v2\/comments?post=513"}],"version-history":[{"count":0,"href":"https:\/\/blog.polityka.pl\/szostkiewicz\/wp-json\/wp\/v2\/posts\/513\/revisions"}],"wp:attachment":[{"href":"https:\/\/blog.polityka.pl\/szostkiewicz\/wp-json\/wp\/v2\/media?parent=513"}],"wp:term":[{"taxonomy":"category","embeddable":true,"href":"https:\/\/blog.polityka.pl\/szostkiewicz\/wp-json\/wp\/v2\/categories?post=513"},{"taxonomy":"post_tag","embeddable":true,"href":"https:\/\/blog.polityka.pl\/szostkiewicz\/wp-json\/wp\/v2\/tags?post=513"}],"curies":[{"name":"wp","href":"https:\/\/api.w.org\/{rel}","templated":true}]}}