
{"id":515,"date":"2009-07-17T22:25:14","date_gmt":"2009-07-17T21:25:14","guid":{"rendered":"http:\/\/szostkiewicz.blog.polityka.pl\/?p=515"},"modified":"2009-07-17T22:25:14","modified_gmt":"2009-07-17T21:25:14","slug":"kolakowski","status":"publish","type":"post","link":"https:\/\/blog.polityka.pl\/szostkiewicz\/2009\/07\/17\/kolakowski\/","title":{"rendered":"Ko\u0142akowski"},"content":{"rendered":"<p>Bardzo smutna nowina. \u015amier\u0107 Leszka Ko\u0142akowskiego. Uczy\u0142em si\u0119 od niego, jak by\u0107 ,,konserwatywno-liberalnym socjalist\u0105&#8221;, jak nie traci\u0107 nadziei w beznadziejno\u015bci realnego socjalizmu, jak szanowa\u0107 religi\u0119 w \u015bwiecie uwolnionym od dominacji religii. Przed laty w Londynie, w domu przyjaci\u00f3\u0142, rozmawia\u0142em z Nim d\u0142ugo o buddyzmie, kt\u00f3ry budzi\u0142 Jego \u017cywe zainteresowanie. Ko\u0142akowski najwi\u0119cej da\u0142 mi w\u0142a\u015bnie na polu refleksji religijnej. Podziwia\u0142em tak\u017ce jego subtelne, autoironiczne poczucie humoru, kultur\u0119 osobist\u0105 i dar prostego m\u00f3wienia o nieprostych sprawach, filozoficzny dystans do \u015bwiata. Ale i to, \u017ce nie by\u0142o mu oboj\u0119tne, w jakim kierunku idzie Polska, przed i po wielkiej zmianie 1989 r. Za to wszystko dzi\u0119kuj\u0119, Panie Profesorze. Niech Pan teraz odnajdzie Pa\u0144skie wiersze, kt\u00f3re sp\u0142on\u0119\u0142y w zgliszczach powstania warszawskiego i nam je tu pode\u015ble.<\/p>\n<p>\u00a0<\/p>\n<p>\u00a0<\/p>\n","protected":false},"excerpt":{"rendered":"<p>Bardzo smutna nowina. \u015amier\u0107 Leszka Ko\u0142akowskiego. Uczy\u0142em si\u0119 od niego, jak by\u0107 ,,konserwatywno-liberalnym socjalist\u0105&#8221;, jak nie traci\u0107 nadziei w beznadziejno\u015bci realnego socjalizmu, jak szanowa\u0107 religi\u0119 w \u015bwiecie uwolnionym od dominacji religii. Przed laty w Londynie, w domu przyjaci\u00f3\u0142, rozmawia\u0142em z Nim d\u0142ugo o buddyzmie, kt\u00f3ry budzi\u0142 Jego \u017cywe zainteresowanie. Ko\u0142akowski najwi\u0119cej da\u0142 mi w\u0142a\u015bnie na [&hellip;]<\/p>\n","protected":false},"author":3,"featured_media":0,"comment_status":"open","ping_status":"open","sticky":false,"template":"","format":"standard","meta":{"footnotes":""},"categories":[1],"tags":[],"_links":{"self":[{"href":"https:\/\/blog.polityka.pl\/szostkiewicz\/wp-json\/wp\/v2\/posts\/515"}],"collection":[{"href":"https:\/\/blog.polityka.pl\/szostkiewicz\/wp-json\/wp\/v2\/posts"}],"about":[{"href":"https:\/\/blog.polityka.pl\/szostkiewicz\/wp-json\/wp\/v2\/types\/post"}],"author":[{"embeddable":true,"href":"https:\/\/blog.polityka.pl\/szostkiewicz\/wp-json\/wp\/v2\/users\/3"}],"replies":[{"embeddable":true,"href":"https:\/\/blog.polityka.pl\/szostkiewicz\/wp-json\/wp\/v2\/comments?post=515"}],"version-history":[{"count":0,"href":"https:\/\/blog.polityka.pl\/szostkiewicz\/wp-json\/wp\/v2\/posts\/515\/revisions"}],"wp:attachment":[{"href":"https:\/\/blog.polityka.pl\/szostkiewicz\/wp-json\/wp\/v2\/media?parent=515"}],"wp:term":[{"taxonomy":"category","embeddable":true,"href":"https:\/\/blog.polityka.pl\/szostkiewicz\/wp-json\/wp\/v2\/categories?post=515"},{"taxonomy":"post_tag","embeddable":true,"href":"https:\/\/blog.polityka.pl\/szostkiewicz\/wp-json\/wp\/v2\/tags?post=515"}],"curies":[{"name":"wp","href":"https:\/\/api.w.org\/{rel}","templated":true}]}}