
{"id":5152,"date":"2017-06-27T20:36:26","date_gmt":"2017-06-27T18:36:26","guid":{"rendered":"http:\/\/szostkiewicz.blog.polityka.pl\/?p=5152"},"modified":"2017-06-27T23:18:37","modified_gmt":"2017-06-27T21:18:37","slug":"beata-mazurek-nie-popiera-ale-rozumie","status":"publish","type":"post","link":"https:\/\/blog.polityka.pl\/szostkiewicz\/2017\/06\/27\/beata-mazurek-nie-popiera-ale-rozumie\/","title":{"rendered":"Beata Mazurek nie popiera, ale rozumie"},"content":{"rendered":"<p>Kobiety w polityce to oczywista oczywisto\u015b\u0107. Ale czy wszystkie? Niekt\u00f3re przeganiaj\u0105 politycznych m\u0119\u017cczyzn w tym, co najgorsze. Niekt\u00f3re mog\u0105 przegoni\u0107 pod wzgl\u0119dem arogancji i \u015blepej lojalno\u015bci partyjnej nawet pos\u0142a Pi\u0119t\u0119.<br \/>\n<!--more--><br \/>\nPose\u0142 Beata Mazurek o\u015bwiadcza przed kamer\u0105 bez zmru\u017cenia oka, \u017ce cho\u0107 atak prawicowych chuligan\u00f3w w Radomiu nie powinien mie\u0107 miejsca, to ich rozumie. Dzi\u0119ki TVN ca\u0142a Polska mog\u0142a zobaczy\u0107 neofaszyst\u0119 kopi\u0105cego bezbronnego dzia\u0142acza KOD. Nie szkodzi, Mazurek rozumie: KOD zas\u0142uguje na wykopanie z ulic Polski, by mog\u0142y po nich maszerowa\u0107 jedynie kolumny PiS, Chrystusa Kr\u00f3la i ONR. Czy nie popiera, ale rozumie tak\u017ce Polak\u00f3w pluj\u0105cych na muzu\u0142ma\u0144skie uczennice z Berlina na wycieczce edukacyjnej w Polsce?<\/p>\n<p>Wyrozumia\u0142o\u015b\u0107 pisowskiej funkcjonariuszki partyjnej wysokiego szczebla jest dowodem na przyzwolenie polityczne na przemoc wymierzon\u0105 w przeciwnik\u00f3w obecnych rz\u0105dz\u0105cych. To jest w demokracji karygodne. Establishment pisowski usi\u0142uje zmieni\u0107 temat: akcja rodzi reakcj\u0119.<\/p>\n<p>Tylko czyja? Przecie\u017c nie dzisiejszej opozycji parlamentarnej i pozaparlamentarnej. Ona nie tworzy kopi\u0105cych boj\u00f3wek. Boj\u00f3wki tworzy nacjonalistyczna prawica. A Ko\u015bci\u00f3\u0142 i obecna w\u0142adza nie maj\u0105 z tym jak wida\u0107 problemu, bo si\u0119 od nich wyra\u017anie nie odcinaj\u0105. To si\u0119 \u017ale sko\u0144czy.<\/p>\n<p>Mo\u017ce jaki\u015b psycholog polityki zna odpowied\u017a na pytanie, czemu prawicowe polityczki polskie bywaj\u0105 bardziej agresywne od m\u0119\u017cczyzn? Nazwiska tych najbardziej krzykliwych wszyscy znamy. W nowym parlamencie francuskim zaroi\u0142o si\u0119 od kobiet: <i>bravo!<\/i> Ale jako\u015b ma\u0142o podobnych do kobiecej wierchuszki pisowskiej. Tak\u017ce politycznie. Wi\u0119kszo\u015b\u0107 z nich z pewno\u015bci\u0105 nie pozwoli\u0142aby sobie na wypowied\u017a w stylu pose\u0142 Mazurek. Chyba nawet deputowana Le Pen.<\/p>\n","protected":false},"excerpt":{"rendered":"<p>Kobiety w polityce to oczywista oczywisto\u015b\u0107. Ale czy wszystkie? Niekt\u00f3re przeganiaj\u0105 politycznych m\u0119\u017cczyzn w tym, co najgorsze. Niekt\u00f3re mog\u0105 przegoni\u0107 pod wzgl\u0119dem arogancji i \u015blepej lojalno\u015bci partyjnej nawet pos\u0142a Pi\u0119t\u0119.<\/p>\n","protected":false},"author":3,"featured_media":0,"comment_status":"open","ping_status":"closed","sticky":false,"template":"","format":"standard","meta":{"footnotes":""},"categories":[1],"tags":[],"_links":{"self":[{"href":"https:\/\/blog.polityka.pl\/szostkiewicz\/wp-json\/wp\/v2\/posts\/5152"}],"collection":[{"href":"https:\/\/blog.polityka.pl\/szostkiewicz\/wp-json\/wp\/v2\/posts"}],"about":[{"href":"https:\/\/blog.polityka.pl\/szostkiewicz\/wp-json\/wp\/v2\/types\/post"}],"author":[{"embeddable":true,"href":"https:\/\/blog.polityka.pl\/szostkiewicz\/wp-json\/wp\/v2\/users\/3"}],"replies":[{"embeddable":true,"href":"https:\/\/blog.polityka.pl\/szostkiewicz\/wp-json\/wp\/v2\/comments?post=5152"}],"version-history":[{"count":7,"href":"https:\/\/blog.polityka.pl\/szostkiewicz\/wp-json\/wp\/v2\/posts\/5152\/revisions"}],"predecessor-version":[{"id":5161,"href":"https:\/\/blog.polityka.pl\/szostkiewicz\/wp-json\/wp\/v2\/posts\/5152\/revisions\/5161"}],"wp:attachment":[{"href":"https:\/\/blog.polityka.pl\/szostkiewicz\/wp-json\/wp\/v2\/media?parent=5152"}],"wp:term":[{"taxonomy":"category","embeddable":true,"href":"https:\/\/blog.polityka.pl\/szostkiewicz\/wp-json\/wp\/v2\/categories?post=5152"},{"taxonomy":"post_tag","embeddable":true,"href":"https:\/\/blog.polityka.pl\/szostkiewicz\/wp-json\/wp\/v2\/tags?post=5152"}],"curies":[{"name":"wp","href":"https:\/\/api.w.org\/{rel}","templated":true}]}}