
{"id":516,"date":"2009-07-17T22:23:42","date_gmt":"2009-07-17T21:23:42","guid":{"rendered":"http:\/\/szostkiewicz.blog.polityka.pl\/?p=516"},"modified":"2009-07-17T22:33:09","modified_gmt":"2009-07-17T21:33:09","slug":"sikorski-oda-do-kary-smierci","status":"publish","type":"post","link":"https:\/\/blog.polityka.pl\/szostkiewicz\/2009\/07\/17\/sikorski-oda-do-kary-smierci\/","title":{"rendered":"Sikorski: oda do kary \u015bmierci"},"content":{"rendered":"<p>\u017bachn\u0105\u0142em si\u0119 wczoraj na grubia\u0144stwo ks. Rydzyka, a tu minister Sikorski paln\u0105\u0142 co\u015b o karze \u015bmierci, tak jakby dalej by\u0142 w PiS, a mo\u017ce raczej jakby by\u0142 mentalnie pisowcem. Paln\u0105\u0142, \u017ce cieszy si\u0119, i\u017c w Pakistanie jest kara \u015bmierci, wi\u0119c wiadomo, co czeka zatrzymanego tam jednego z morderc\u00f3w geologa Sta\u0144czaka. Cz\u0142onek polskiego rz\u0105du. minister i to spraw zagranicznych pa\u0144stwa nale\u017c\u0105cego do Unii Europejskiej, nie powinien publicznie chwali\u0107 kary \u015bmierci. To lapsus (o ile lapsus) gorszy ni\u017c murzy\u0144ski ,,dowcip&#8221; Rydzyka.<\/p>\n<p>Skoro minister Sikorski tak si\u0119 cieszy z szubienicy czy rozstrzelania gro\u017c\u0105cego zab\u00f3jcy Polaka, to czy to znaczy, \u017ce chcia\u0142by przywr\u00f3cenia kary \u015bmierci w Polsce i Unii? Szef dyplomacji powinien trzyma\u0107 emocje i j\u0119zyk na smyczy. Rozumiem, \u017ce chcia\u0142 w ten spos\u00f3b skwitowa\u0107 sukces, jakim jest uj\u0119cie taliba zbrodniarza. Ale czemu w ten spos\u00f3b, z t\u0105 satysfakcj\u0105 rodem z archaicznej epoki ,,oko za oko, z\u0105b za z\u0105b&#8221;, epoki plemiennej zemsty? Niech nam Radek Sikorski nie przywozi Pakistanu do Polski.\u00a0\u00a0\u00a0\u00a0\u00a0<\/p>\n","protected":false},"excerpt":{"rendered":"<p>\u017bachn\u0105\u0142em si\u0119 wczoraj na grubia\u0144stwo ks. Rydzyka, a tu minister Sikorski paln\u0105\u0142 co\u015b o karze \u015bmierci, tak jakby dalej by\u0142 w PiS, a mo\u017ce raczej jakby by\u0142 mentalnie pisowcem. Paln\u0105\u0142, \u017ce cieszy si\u0119, i\u017c w Pakistanie jest kara \u015bmierci, wi\u0119c wiadomo, co czeka zatrzymanego tam jednego z morderc\u00f3w geologa Sta\u0144czaka. Cz\u0142onek polskiego rz\u0105du. minister i [&hellip;]<\/p>\n","protected":false},"author":3,"featured_media":0,"comment_status":"open","ping_status":"open","sticky":false,"template":"","format":"standard","meta":{"footnotes":""},"categories":[1],"tags":[],"_links":{"self":[{"href":"https:\/\/blog.polityka.pl\/szostkiewicz\/wp-json\/wp\/v2\/posts\/516"}],"collection":[{"href":"https:\/\/blog.polityka.pl\/szostkiewicz\/wp-json\/wp\/v2\/posts"}],"about":[{"href":"https:\/\/blog.polityka.pl\/szostkiewicz\/wp-json\/wp\/v2\/types\/post"}],"author":[{"embeddable":true,"href":"https:\/\/blog.polityka.pl\/szostkiewicz\/wp-json\/wp\/v2\/users\/3"}],"replies":[{"embeddable":true,"href":"https:\/\/blog.polityka.pl\/szostkiewicz\/wp-json\/wp\/v2\/comments?post=516"}],"version-history":[{"count":0,"href":"https:\/\/blog.polityka.pl\/szostkiewicz\/wp-json\/wp\/v2\/posts\/516\/revisions"}],"wp:attachment":[{"href":"https:\/\/blog.polityka.pl\/szostkiewicz\/wp-json\/wp\/v2\/media?parent=516"}],"wp:term":[{"taxonomy":"category","embeddable":true,"href":"https:\/\/blog.polityka.pl\/szostkiewicz\/wp-json\/wp\/v2\/categories?post=516"},{"taxonomy":"post_tag","embeddable":true,"href":"https:\/\/blog.polityka.pl\/szostkiewicz\/wp-json\/wp\/v2\/tags?post=516"}],"curies":[{"name":"wp","href":"https:\/\/api.w.org\/{rel}","templated":true}]}}