
{"id":517,"date":"2009-07-19T20:47:03","date_gmt":"2009-07-19T19:47:03","guid":{"rendered":"http:\/\/szostkiewicz.blog.polityka.pl\/?p=517"},"modified":"2009-07-19T20:47:03","modified_gmt":"2009-07-19T19:47:03","slug":"czy-przez-kaminskiego-rozpadnie-sie-eurofrakcja-pis","status":"publish","type":"post","link":"https:\/\/blog.polityka.pl\/szostkiewicz\/2009\/07\/19\/czy-przez-kaminskiego-rozpadnie-sie-eurofrakcja-pis\/","title":{"rendered":"Czy przez Kami\u0144skiego rozpadnie si\u0119 eurofrakcja PiS?"},"content":{"rendered":"<p>Odci\u0119cia si\u0119 od europos\u0142a PiS \u017c\u0105da od lidera konserwatyst\u00f3w brytyjskich Davida Camerona londy\u0144ski rabin Barry Marcus. Rabina oburza, \u017ce Kami\u0144ski przed laty uchyla\u0142 si\u0119 jako polityk od zaj\u0119cia jasnego stanowiska w sprawie zbrodni w Jedwabnem, gdzie Polacy podczas okupacji niemieckiej spalili \u017cywcem ok.600 swych s\u0105siad\u00f3w \u017byd\u00f3w.<\/p>\n<p>Marcus uwa\u017ca, \u017ce konserwatystom brytyjskim nie uchodzi mie\u0107 w wsp\u00f3lnej frakcji z PiS w Parlamencie Europejskim kogo\u015b, kto najpierw zaprzecza\u0142, \u017ce to Polacy s\u0105 sprawc\u0105 zbrodni jedwabie\u0144skiej, a potem uwa\u017ca\u0142, \u017ce \u017cadnych przeprosin &#8211; do kt\u00f3rych szykowa\u0142 si\u0119 \u00f3wczesny prezydent Kwa\u015bniewski &#8211; tu nie trzeba. W oczach rabina Kami\u0144ski wychodzi na antysemit\u0119, a torysi z antysemitami zadawa\u0107 si\u0119 nie powinni.<\/p>\n<p>Publiczna krytyka Camerona za to, \u017ce toleruje Kami\u0144skiego w eurofrakcji ma sw\u0105 wag\u0119 polityczn\u0105 i mo\u017ce kosztowa\u0107 torys\u00f3w sporo g\u0142os\u00f3w w nadchodz\u0105cych wyborach na Wyspach. Kami\u0144ski jest dla rabina tym, czym dla PiS pani Steinbach. Torysi mog\u0105 zacz\u0105\u0107 naciska\u0107, by pozby\u0107 si\u0119 antysemity, albo zerwa\u0107 eurosojusz z PiS.\u00a0\u00a0\u00a0\u00a0\u00a0\u00a0<\/p>\n<p>To ju\u017c drugie powa\u017cne ostrze\u017cenie dla Kami\u0144skiego, a po\u015brednio dla PiS. W zesz\u0142ym tygodniu media brytyjskie weryfikowa\u0142y informacj\u0119, \u017ce Kami\u0144ski nale\u017ca\u0142 kiedy\u015b do ,,skrajnie prawicowego&#8221;, czyli faszyzuj\u0105cego Narodowego Odrodzenia Polski. Wprawdzie informacja figuruje w dost\u0119pnym w internecie biogramie Kami\u0144skiego, ale dziennikarze nie chcieli wierzy\u0107, \u017ce jest prawdziwa. Mo\u017ce to czarny pi-ar?, pytali polskich koleg\u00f3w. C\u00f3\u017c, szybko si\u0119 zorientowali, \u017ce w polskiej polityce nie jeden Kami\u0144ski ma takie korzenie i pe\u0142ni dot\u0105d wysokie funkcje publiczne.<\/p>\n<p>My\u015bl\u0119, \u017ce sprawa mo\u017ce by\u0107 powa\u017cniejsza ni\u017c si\u0119 w Polsce wydaje, gdzie ma\u0142o kto rozumie mechanizmy polityki i medi\u00f3w w zachodniej Europie. To, co u nas wygl\u0105da na drobny incydent, tam, je\u015bli pozostanie bez reakcji, mo\u017ce si\u0119 sko\u0144czy\u0107 politycznym skandalem. A Cameron mo\u017ce nie chcie\u0107 tego ryzyka.<\/p>\n<p>Poniewa\u017c usuni\u0119cie Kami\u0144skiego z frakcji, kt\u00f3rej jest przewodnicz\u0105cym, oznacza\u0142oby jej rozpad, liderzy i konserwatyst\u00f3w, i pisowc\u00f3w, powinni co\u015b wymy\u015bli\u0107, by min\u0119 rozbroi\u0107.Chyba \u017ce torysi skorzystaj\u0105 z pretekstu i po\u017cegnaj\u0105 si\u0119 z PiSem, p\u00f3ki jeszcze ten sojusz ich dog\u0142\u0119bnie nie skompromituje w oczach brytyjskich wyborc\u00f3w. W Anglii pisowska polityka historyczna nikogo nie interesuje.\u00a0\u00a0\u00a0<\/p>\n<p>Mnie te k\u0142opoty ,,konserwatyst\u00f3w i reformist\u00f3w&#8221; wcale nie martwi\u0105 &#8211; by\u0142o z g\u00f3ry wiadomo, \u017ce taka frakcja polsko-brytyjska jest trudna do utrzymania, bo w wielu punktach &#8211; np. gej\u00f3w czy ekologii &#8211; r\u00f3\u017cni\u0105 si\u0119 biegunowo. PiS na w\u0142asnej sk\u00f3rze poczuje teraz skutki metody, jak\u0105 sam uwielbia stosowa\u0107 do niszczenia oponent\u00f3w.<\/p>\n","protected":false},"excerpt":{"rendered":"<p>Odci\u0119cia si\u0119 od europos\u0142a PiS \u017c\u0105da od lidera konserwatyst\u00f3w brytyjskich Davida Camerona londy\u0144ski rabin Barry Marcus. Rabina oburza, \u017ce Kami\u0144ski przed laty uchyla\u0142 si\u0119 jako polityk od zaj\u0119cia jasnego stanowiska w sprawie zbrodni w Jedwabnem, gdzie Polacy podczas okupacji niemieckiej spalili \u017cywcem ok.600 swych s\u0105siad\u00f3w \u017byd\u00f3w. Marcus uwa\u017ca, \u017ce konserwatystom brytyjskim nie uchodzi mie\u0107 w [&hellip;]<\/p>\n","protected":false},"author":3,"featured_media":0,"comment_status":"open","ping_status":"open","sticky":false,"template":"","format":"standard","meta":{"footnotes":""},"categories":[1],"tags":[],"_links":{"self":[{"href":"https:\/\/blog.polityka.pl\/szostkiewicz\/wp-json\/wp\/v2\/posts\/517"}],"collection":[{"href":"https:\/\/blog.polityka.pl\/szostkiewicz\/wp-json\/wp\/v2\/posts"}],"about":[{"href":"https:\/\/blog.polityka.pl\/szostkiewicz\/wp-json\/wp\/v2\/types\/post"}],"author":[{"embeddable":true,"href":"https:\/\/blog.polityka.pl\/szostkiewicz\/wp-json\/wp\/v2\/users\/3"}],"replies":[{"embeddable":true,"href":"https:\/\/blog.polityka.pl\/szostkiewicz\/wp-json\/wp\/v2\/comments?post=517"}],"version-history":[{"count":0,"href":"https:\/\/blog.polityka.pl\/szostkiewicz\/wp-json\/wp\/v2\/posts\/517\/revisions"}],"wp:attachment":[{"href":"https:\/\/blog.polityka.pl\/szostkiewicz\/wp-json\/wp\/v2\/media?parent=517"}],"wp:term":[{"taxonomy":"category","embeddable":true,"href":"https:\/\/blog.polityka.pl\/szostkiewicz\/wp-json\/wp\/v2\/categories?post=517"},{"taxonomy":"post_tag","embeddable":true,"href":"https:\/\/blog.polityka.pl\/szostkiewicz\/wp-json\/wp\/v2\/tags?post=517"}],"curies":[{"name":"wp","href":"https:\/\/api.w.org\/{rel}","templated":true}]}}