
{"id":519,"date":"2009-07-23T23:05:04","date_gmt":"2009-07-23T22:05:04","guid":{"rendered":"http:\/\/szostkiewicz.blog.polityka.pl\/?p=519"},"modified":"2009-07-23T23:13:11","modified_gmt":"2009-07-23T22:13:11","slug":"buttiglione-za-aborcja","status":"publish","type":"post","link":"https:\/\/blog.polityka.pl\/szostkiewicz\/2009\/07\/23\/buttiglione-za-aborcja\/","title":{"rendered":"Buttiglione za aborcj\u0105"},"content":{"rendered":"<p>Niezwyk\u0142e. Rocco Buttiglione, znany w Europie i Polsce polityk chadecki, wierny syn Ko\u015bcio\u0142a, zmienia zdanie w kwestii dopuszczalno\u015bci aborcji. Buttiglione sta\u0142 si\u0119 ikon\u0105 katolickich ortodoks\u00f3w, broni\u0105c nauk Ko\u015bcio\u0142a w tak zapalnych kwestiach, jak homoseksualizm i legalizacja aborcji. Zrobiono ze\u0144 nawet m\u0119czennika, kiedy przepad\u0142 jako kandydat na komisarza UE ze swymi konserwatywnymi pogl\u0105dami na prawa gej\u00f3w.<\/p>\n<p>A tu nagle taki zwrot. W wywiadzie dla dziennika Corriere della sera Buttiglione sprzeciwi\u0142 si\u0119 kampanii na rzecz zakazu aborcji dopuszczonej ponad 30 lat temu w prawie w\u0142oskim do 12 tygodnia \u017cycia p\u0142odu. Szok. Ju\u017c si\u0119 odezwali polscy konserwaty\u015bci. Marek Jurek szydzi z chadecji, \u017ce robi z siebie wyroczni\u0119 wi\u0119ksz\u0105 ni\u017c tradycja Ko\u015bcio\u0142a i autorytet papie\u017ca, a tak naprawd\u0119 (to ju\u017c ja sam dopowiadam)\u00a0to jakie\u015b farbowane lisy. No c\u00f3\u017c, chadecja nigdy nie deklarowa\u0142a si\u0119, \u017ce jest\u00a0konserwatywn\u0105 prawic\u0105. A jednak to ona uratowa\u0142a wsp\u00f3\u0142czesne chrze\u015bcija\u0144stwo przed kompletn\u0105 marginalizacj\u0105 w \u017cyciu politycznym. \u00a0\u00a0<\/p>\n<p>Wypowied\u017c Buttiglionego szokuje dodatkowo tym, \u017ce zaledwie dwa tygodnie wcze\u015bniej Watykan oficjalnie potwierdzi\u0142 sw\u00f3j zdecydowany sprzeciw wobec legalizacji aborcji. Po drodze by\u0142o jeszcze spotkanie Benedykta XVI z prezydentem Obam\u0105, kt\u00f3ry deklaruje, \u017ce trzeba szuka\u0107 wsp\u00f3lnego gruntu w sprawie aborcji.<\/p>\n<p>Szokiem dla ortodoks\u00f3w musz\u0105 by\u0107 te\u017c argumenty ich niedawnego sprzymierze\u0144ca: \u017ce je\u015bli kobieta b\u0119dzie mia\u0142a wi\u0119cej wolno\u015bci w tej sprawie, b\u0119dzie mniej ch\u0119tna do aborcji. I \u017ce teologicznie bior\u0105c, B\u00f3g tak ukszta\u0142towa\u0142 relacj\u0119 mi\u0119dzy kobiet\u0105 a jej p\u0142odem, \u017ce cho\u0107 obrona dziecka jest s\u0142uszna, to jednak jest niemo\u017cliwa.<\/p>\n<p>Buttiglione wskazuje na kraje, gdzie aborcja jest przymusowa, jak w Chinach, co skutkuje zjawiskiem milion\u00f3w porzucanych dzieci, albo gdzie na kobiety wywierana jest presja aborcyjna, bo ka\u017cde dziecko wi\u0119cej oznacza dodatkowe obci\u0105\u017cenie rodziny i pa\u0144stwa, jak w Ameryce \u0142aci\u0144skiej i Afryce.<\/p>\n<p>Jak wida\u0107, Buttiglione zmieni\u0142 zdanie tylko cz\u0119\u015bciowo. Dalej uwa\u017ca aborcj\u0119 za ran\u0119 na sumieniu ludzko\u015bci, ale doszed\u0142 do wniosku, \u017ce ca\u0142kowity zakaz aborcji nie prowadzi do celu, o jakim rozmawiali papie\u017c i prezydent: \u017ceby na \u015bwiecie by\u0142o mniej aborcji. Tam, gdzie kobieta nie ma wyboru, bo bezpieczna aborcja jest wykluczona, dzieje si\u0119 dramat obrony nienarodzonego dziecka przeciwko jego w\u0142asnej matce.<\/p>\n<p>Nie mia\u0142em racji, m\u00f3wi Buttiglione, g\u0142osuj\u0105c przeciwko dopuszczalno\u015bci aborcji. Ob\u00f3z prawa do wyboru pozyska\u0142 niespodziewanego a s\u0142awnego poplecznika. Bo przecie\u017c filozofia Buttiglionego jest teraz taka: jestem przeciw aborcji, ale za furtk\u0105 dla kobiet, kt\u00f3re z jakich\u015b powod\u00f3w nie s\u0105 gotowe lub zdolne do wydania dziecka na \u015bwiat.\u00a0\u00a0\u00a0\u00a0<br \/>\nCo na to Watykan, z kt\u00f3rym \u0142\u0105czy\u0142y W\u0142ocha dot\u0105d znakomite stosunki? Czy Buttiglione zostanie ekskomunikowany? Jak to oddzia\u0142a na katolickie ruchy prolifowe? Czy Buttiglione odegra rol\u0119 podobn\u0105 ale odwrotn\u0105 od znanych antyaborcjonist\u00f3w, kt\u00f3rzy nawr\u00f3cili si\u0119 na obron\u0119 \u017cycia, cho\u0107 wcze\u015bniej byli za prawem do aborcji? Zanosi si\u0119 na nowy kryzys w Ko\u015bciele.\u00a0\u00a0\u00a0\u00a0\u00a0\u00a0\u00a0\u00a0\u00a0\u00a0\u00a0\u00a0\u00a0\u00a0\u00a0\u00a0<\/p>\n","protected":false},"excerpt":{"rendered":"<p>Niezwyk\u0142e. Rocco Buttiglione, znany w Europie i Polsce polityk chadecki, wierny syn Ko\u015bcio\u0142a, zmienia zdanie w kwestii dopuszczalno\u015bci aborcji. Buttiglione sta\u0142 si\u0119 ikon\u0105 katolickich ortodoks\u00f3w, broni\u0105c nauk Ko\u015bcio\u0142a w tak zapalnych kwestiach, jak homoseksualizm i legalizacja aborcji. Zrobiono ze\u0144 nawet m\u0119czennika, kiedy przepad\u0142 jako kandydat na komisarza UE ze swymi konserwatywnymi pogl\u0105dami na prawa gej\u00f3w. [&hellip;]<\/p>\n","protected":false},"author":3,"featured_media":0,"comment_status":"open","ping_status":"open","sticky":false,"template":"","format":"standard","meta":{"footnotes":""},"categories":[1],"tags":[],"_links":{"self":[{"href":"https:\/\/blog.polityka.pl\/szostkiewicz\/wp-json\/wp\/v2\/posts\/519"}],"collection":[{"href":"https:\/\/blog.polityka.pl\/szostkiewicz\/wp-json\/wp\/v2\/posts"}],"about":[{"href":"https:\/\/blog.polityka.pl\/szostkiewicz\/wp-json\/wp\/v2\/types\/post"}],"author":[{"embeddable":true,"href":"https:\/\/blog.polityka.pl\/szostkiewicz\/wp-json\/wp\/v2\/users\/3"}],"replies":[{"embeddable":true,"href":"https:\/\/blog.polityka.pl\/szostkiewicz\/wp-json\/wp\/v2\/comments?post=519"}],"version-history":[{"count":0,"href":"https:\/\/blog.polityka.pl\/szostkiewicz\/wp-json\/wp\/v2\/posts\/519\/revisions"}],"wp:attachment":[{"href":"https:\/\/blog.polityka.pl\/szostkiewicz\/wp-json\/wp\/v2\/media?parent=519"}],"wp:term":[{"taxonomy":"category","embeddable":true,"href":"https:\/\/blog.polityka.pl\/szostkiewicz\/wp-json\/wp\/v2\/categories?post=519"},{"taxonomy":"post_tag","embeddable":true,"href":"https:\/\/blog.polityka.pl\/szostkiewicz\/wp-json\/wp\/v2\/tags?post=519"}],"curies":[{"name":"wp","href":"https:\/\/api.w.org\/{rel}","templated":true}]}}