
{"id":58,"date":"2006-08-08T09:56:59","date_gmt":"2006-08-08T07:56:59","guid":{"rendered":"http:\/\/szostkiewicz.blog.polityka.pl\/?p=58"},"modified":"2006-08-08T09:56:59","modified_gmt":"2006-08-08T07:56:59","slug":"ranking-spiskowy","status":"publish","type":"post","link":"https:\/\/blog.polityka.pl\/szostkiewicz\/2006\/08\/08\/ranking-spiskowy\/","title":{"rendered":"Ranking spiskowy"},"content":{"rendered":"<p><font size=\"2\">Siedz\u0119 na Suwalszczy\u017anie: mg\u0142a, chmury, deszcz. Kartacze, babki i kiszki ziemniaczane. Szcz\u0119\u015bcie. Gorzej ze scrabblem: nie zaliczyli mi &#8222;dobroci&#8221; w liczbie mnogiej i przepad\u0142y dwie potr\u00f3jne premie s\u0142owne. Jeszcze gorzej z gazetami. Jedna drukuje list od ojc\u00f3w redemptoryst\u00f3w z Libanu. Pisz\u0105, \u017ce wojn\u0119 sprowokowa\u0142 Izrael, bo wys\u0142a\u0142 patrol tak blisko granicy, \u017ce Hezbollah musia\u0142 go napa\u015b\u0107 i porwa\u0107 \u017co\u0142nierzy. No jasne, dodaj\u0119 od siebie pora\u017cony logik\u0105 wywodu polskich zakonnik\u00f3w, Izrael powinien w og\u00f3le zaprzesta\u0107 patrolowania swych granic, wtedy nie prowokowa\u0142by arabskich boj\u00f3wek. A jeszcze lepiej jakby rozwi\u0105za\u0142 si\u0142y zbrojne i zniszczy\u0142 wszelkie arsena\u0142y\u00a0&#8211; to dopiero prowokacja w sercu Bliskiego Wschodu!<\/font><\/p>\n<p><font size=\"2\">Mamy za pasem pi\u0105t\u0105 rocznic\u0119 atak\u00f3w 9\/11 i list z Libanu przypomnia\u0142 mi do razu teori\u0119 spiskow\u0105 rozg\u0142aszan\u0105 przez jak\u0105\u015b arabsk\u0105 stacj\u0119 TV z tego\u017c Libanu zaraz po tragedii WTC: \u017ce to\u00a0&#8211; oczywi\u015bcie\u00a0&#8211; \u017bydzi, kt\u00f3rych przecie\u017c w wie\u017cach w feralny dzie\u0144 nie by\u0142o, bo zostali ostrze\u017ceni przez swoich. Karier\u0119 nawiasem m\u00f3wi\u0105c zrobi\u0142a te\u017c inna teoria: \u017ce za atakami sta\u0142 rz\u0105d federalny USA, czyli prezydent Bush, kt\u00f3ry potrzebowa\u0142 pretekstu do inwazji w Azji. Pomys\u0142 naszych zakonnik\u00f3w jest wariantem teorii o prowokacji Izraela w WTC, ta za\u015b jest mutacj\u0105 antysemityzmu, mog\u0105cego jak wida\u0107 \u0142\u0105czy\u0107 niekt\u00f3rych chrze\u015bcijan z wi\u0119kszo\u015bci\u0105 muzu\u0142man\u00f3w.<\/font><\/p>\n<p><font size=\"2\">A u nas? Jaka teoria spiskowa jest dzi\u015b w Polsce na topie? Jeszcze Okr\u0105g\u0142y St\u00f3\u0142 czy ju\u017c raczej Uk\u0142ad? Zmowa niemiecko- rosyjska czy maso\u0144sko-gejowska? Mo\u017ce bociany mi powiedz\u0105.<\/font><\/p>\n","protected":false},"excerpt":{"rendered":"<p>Siedz\u0119 na Suwalszczy\u017anie: mg\u0142a, chmury, deszcz. Kartacze, babki i kiszki ziemniaczane. Szcz\u0119\u015bcie. Gorzej ze scrabblem: nie zaliczyli mi &#8222;dobroci&#8221; w liczbie mnogiej i przepad\u0142y dwie potr\u00f3jne premie s\u0142owne. Jeszcze gorzej z gazetami. Jedna drukuje list od ojc\u00f3w redemptoryst\u00f3w z Libanu. Pisz\u0105, \u017ce wojn\u0119 sprowokowa\u0142 Izrael, bo wys\u0142a\u0142 patrol tak blisko granicy, \u017ce Hezbollah musia\u0142 go [&hellip;]<\/p>\n","protected":false},"author":3,"featured_media":0,"comment_status":"open","ping_status":"open","sticky":false,"template":"","format":"standard","meta":{"footnotes":""},"categories":[1],"tags":[],"_links":{"self":[{"href":"https:\/\/blog.polityka.pl\/szostkiewicz\/wp-json\/wp\/v2\/posts\/58"}],"collection":[{"href":"https:\/\/blog.polityka.pl\/szostkiewicz\/wp-json\/wp\/v2\/posts"}],"about":[{"href":"https:\/\/blog.polityka.pl\/szostkiewicz\/wp-json\/wp\/v2\/types\/post"}],"author":[{"embeddable":true,"href":"https:\/\/blog.polityka.pl\/szostkiewicz\/wp-json\/wp\/v2\/users\/3"}],"replies":[{"embeddable":true,"href":"https:\/\/blog.polityka.pl\/szostkiewicz\/wp-json\/wp\/v2\/comments?post=58"}],"version-history":[{"count":0,"href":"https:\/\/blog.polityka.pl\/szostkiewicz\/wp-json\/wp\/v2\/posts\/58\/revisions"}],"wp:attachment":[{"href":"https:\/\/blog.polityka.pl\/szostkiewicz\/wp-json\/wp\/v2\/media?parent=58"}],"wp:term":[{"taxonomy":"category","embeddable":true,"href":"https:\/\/blog.polityka.pl\/szostkiewicz\/wp-json\/wp\/v2\/categories?post=58"},{"taxonomy":"post_tag","embeddable":true,"href":"https:\/\/blog.polityka.pl\/szostkiewicz\/wp-json\/wp\/v2\/tags?post=58"}],"curies":[{"name":"wp","href":"https:\/\/api.w.org\/{rel}","templated":true}]}}