
{"id":608,"date":"2010-01-13T22:21:54","date_gmt":"2010-01-13T21:21:54","guid":{"rendered":"http:\/\/szostkiewicz.blog.polityka.pl\/?p=608"},"modified":"2010-01-13T22:21:54","modified_gmt":"2010-01-13T21:21:54","slug":"gruzy-haiti-i-wieza-babel-w-dubaju","status":"publish","type":"post","link":"https:\/\/blog.polityka.pl\/szostkiewicz\/2010\/01\/13\/gruzy-haiti-i-wieza-babel-w-dubaju\/","title":{"rendered":"Gruzy Haiti i wie\u017ca Babel w Dubaju"},"content":{"rendered":"<p>Okropnie patrze\u0107 na nieszcz\u0119\u015bcie w raju, jakim by\u0142a, dla turyst\u00f3w i niewielkiej cz\u0119\u015bci Haita\u0144czyk\u00f3w, ich cz\u0119\u015b\u0107 wyspy. Ale okropnie jest te\u017c zestawi\u0107 obrazy haita\u0144skiej tragedii z obrazami z Dubaju, kt\u00f3ry zafundowa\u0142 sobie Burd\u017c Chalifa,\u00a0najwy\u017csz\u0105 wie\u017c\u0119 \u015bwiata.<\/p>\n<p>W Dubaju kaskada fajerwerk\u00f3w na inauguracj\u0119 Burd\u017cy (po arabsku wie\u017ca), wielki show pokazywany we wszystkich telewizjach \u015bwiata ( emir zaciera r\u0119ce), architektura kosmiczna, ale te\u017c popis pychy. Ca\u0142kiem jak z wie\u017c\u0105 Babel. I ca\u0142kiem jak w Biblii ju\u017c odezwali si\u0119 zadro\u015bnicy. Saudowie chc\u0105 postawi\u0107 jeszcze wy\u017csz\u0105 burd\u017c\u0119. Ma przebi\u0107 magiczn\u0105 barier\u0119 1000 metr\u00f3w.<\/p>\n<p>Nie wiadomo, jak d\u0142ugo dubajska wie\u017ca b\u0119dzie ikon\u0105 technologii i ambicji XXI wieku. Czy jakim\u015b bo\u017cym szale\u0144com nie przyjdzie do g\u0142owy wykorzysta\u0107 burd\u017c\u0119 w ich d\u017cihadzie. Ani, jak sobie wie\u017ca poradzi z innymi mo\u017cliwymi zagro\u017ceniami, cho\u0107by ze strony \u017cywio\u0142\u00f3w czy wielkich awarii technicznych.<br \/>\nWiadomo natomiast, \u017ce poch\u0142on\u0119\u0142a sumy, kt\u00f3rych drobny u\u0142amek postawi\u0142by na nogi nieszcz\u0119sne Haiti.<\/p>\n<p>Nie mam nic przeciwko dubajskiej drugiej wie\u017cy Babel. Niech sobie emirat robi reklam\u0119, jak mu si\u0119 podoba i niech robi na burd\u017cy kas\u0119. Ale ten kontrast mi\u0119dzy dubajskim bogactwem a haita\u0144sk\u0105 n\u0119dz\u0105 porusza mnie.\u00a0\u00a0<\/p>\n<p>Buduj\u0105ce jest natomiast\u00a0to, \u017ce \u015bwiat od razu rusza Haiti z pomoc\u0105. A prym w akcji pomocy wiedzie Ameryka,\u00a0i ta oficjalna, Obamy i pani Clinton, i ta obywatelska.<\/p>\n<p>Zawsze mi to w Stanach, przedstawianych przecie\u017c jako kultura egoizmu, chciwo\u015bci i konsumpcji, imponowa\u0142o, \u017ce s\u0105 tam setki tysi\u0105ce ludzi gotowych z odruchu serca i sumienia nie\u015b\u0107 pomoc potrzebuj\u0105cym w kraju i na \u015bwiecie.<\/p>\n<p>Tak samo dzieje si\u0119 i teraz. Haiti, gdzie 80 procent ludno\u015bci \u017cyje za 2 dolary dziennie, to kraj kulturowo katolicki (\u017cyj\u0105cy w przyjaznej symbiozie z kultem voo doo). Dlatego pierwsi zg\u0142osili si\u0119 do pomocy jankescy katolicy. Ale deklaracje pomocy nap\u0142ywaj\u0105 zewsz\u0105d, o ile wiem tak\u017ce znad Wis\u0142y.<\/p>\n<p>Mo\u017ce z t\u0105 ludzk\u0105 empati\u0105 i solidarno\u015bci\u0105 nie jest tak \u017ale, jak na co dzie\u0144 s\u0142yszymy w mediach i ko\u015bcio\u0142ach.<br \/>\n\u00a0\u00a0\u00a0\u00a0\u00a0\u00a0\u00a0\u00a0\u00a0\u00a0\u00a0\u00a0\u00a0\u00a0<\/p>\n","protected":false},"excerpt":{"rendered":"<p>Okropnie patrze\u0107 na nieszcz\u0119\u015bcie w raju, jakim by\u0142a, dla turyst\u00f3w i niewielkiej cz\u0119\u015bci Haita\u0144czyk\u00f3w, ich cz\u0119\u015b\u0107 wyspy. Ale okropnie jest te\u017c zestawi\u0107 obrazy haita\u0144skiej tragedii z obrazami z Dubaju, kt\u00f3ry zafundowa\u0142 sobie Burd\u017c Chalifa,\u00a0najwy\u017csz\u0105 wie\u017c\u0119 \u015bwiata. W Dubaju kaskada fajerwerk\u00f3w na inauguracj\u0119 Burd\u017cy (po arabsku wie\u017ca), wielki show pokazywany we wszystkich telewizjach \u015bwiata ( emir [&hellip;]<\/p>\n","protected":false},"author":3,"featured_media":0,"comment_status":"open","ping_status":"open","sticky":false,"template":"","format":"standard","meta":{"footnotes":""},"categories":[1],"tags":[],"_links":{"self":[{"href":"https:\/\/blog.polityka.pl\/szostkiewicz\/wp-json\/wp\/v2\/posts\/608"}],"collection":[{"href":"https:\/\/blog.polityka.pl\/szostkiewicz\/wp-json\/wp\/v2\/posts"}],"about":[{"href":"https:\/\/blog.polityka.pl\/szostkiewicz\/wp-json\/wp\/v2\/types\/post"}],"author":[{"embeddable":true,"href":"https:\/\/blog.polityka.pl\/szostkiewicz\/wp-json\/wp\/v2\/users\/3"}],"replies":[{"embeddable":true,"href":"https:\/\/blog.polityka.pl\/szostkiewicz\/wp-json\/wp\/v2\/comments?post=608"}],"version-history":[{"count":0,"href":"https:\/\/blog.polityka.pl\/szostkiewicz\/wp-json\/wp\/v2\/posts\/608\/revisions"}],"wp:attachment":[{"href":"https:\/\/blog.polityka.pl\/szostkiewicz\/wp-json\/wp\/v2\/media?parent=608"}],"wp:term":[{"taxonomy":"category","embeddable":true,"href":"https:\/\/blog.polityka.pl\/szostkiewicz\/wp-json\/wp\/v2\/categories?post=608"},{"taxonomy":"post_tag","embeddable":true,"href":"https:\/\/blog.polityka.pl\/szostkiewicz\/wp-json\/wp\/v2\/tags?post=608"}],"curies":[{"name":"wp","href":"https:\/\/api.w.org\/{rel}","templated":true}]}}