
{"id":617,"date":"2010-02-02T23:57:57","date_gmt":"2010-02-02T22:57:57","guid":{"rendered":"http:\/\/szostkiewicz.blog.polityka.pl\/?p=617"},"modified":"2010-02-03T00:38:38","modified_gmt":"2010-02-02T23:38:38","slug":"gbur-z-tomaszowa","status":"publish","type":"post","link":"https:\/\/blog.polityka.pl\/szostkiewicz\/2010\/02\/02\/gbur-z-tomaszowa\/","title":{"rendered":"Gbur z Tomaszowa. Bp Pieronek przeprasza"},"content":{"rendered":"<p>Po sprawie czytnika z Dolnego \u015al\u0105ska kolejny spo\u0142eczny obrazek z Polski. Tym razem z Tomaszowa Mazowieckiego, gdzie lokalny dzia\u0142acz PO da\u0142 popis grubia\u0144stwa, atakuj\u0105c miejscow\u0105 dziennikark\u0119 krytykuj\u0105c\u0105 pomys\u0142 ufundowania miejskiego sztandaru ,,Bogu, ojczy\u017anie, spo\u0142ecze\u0144stwu&#8221;.<\/p>\n<p>Dzia\u0142acz Platform w rewan\u017cu za krytyk\u0119 (moim zdaniem s\u0142uszn\u0105, bo na takie d\u0119te proporce szkoda publicznego grosza, chyba \u017ce pan Adamus mia\u0142 zamiar zap\u0142aci\u0107 z w\u0142asnej kieszeni) wytyka dziennikarce, \u017ce jest za\u015blepion\u0105 antyklerykalizmem lesbijk\u0105, a przy okazji wykpiwa bliski premierowi Tuskowi parytet damsko-m\u0119ski na listach wyborczych: ,,parytet to pora\u017cka, bo trzeba my\u015ble\u0107 g\u0142ow\u0105, a nie jajnikami&#8221;.<\/p>\n<p>Jak kto\u015b z takimi manierami i pogl\u0105dami m\u00f3g\u0142 zosta\u0107 tomaszowskim prominentem? Ano m\u00f3g\u0142, bo wielu Polakom, zar\u00f3wno wyborcom PO, jak PiS i SLD, nie m\u00f3wi\u0105c ju\u017c o katoendecji w partiach marginesu i w Ko\u015bciele, takie dictum bynajmniej nie przeszkadza. Wystarczy rzuci\u0107 okiem na wpisy internetowe: popis chamstwa i g\u0142upoty, jak zwykle pod has\u0142em walki z polityczn\u0105 poprawno\u015bci\u0105.<\/p>\n<p>Dzi\u0119ki radiu TOK FM i portalowi Gazeta.pl news z Tomaszowa zrobi\u0142 sporo szumu i wieczorem pojawi\u0142a si\u0119 kolejna wiadomo\u015b\u0107: \u017ce Adamus zrezygnowa\u0142 z cz\u0142onkostwa w PO. Trzeba odda\u0107 jego politycznemu \u015brodowisku, \u017ce w ci\u0105gu dnia wyra\u017anie si\u0119 od gbura odci\u0119\u0142o.\u00a0Wi\u0119c w sumie\u00a0sprawa\u00a0tomaszowska wychodzi lepiej ni\u017c dolno\u015bl\u0105ska czytnikowa.\u00a0<\/p>\n<p>Przypomina jednak zarazem,\u00a0\u017ce mamy problem socjologiczny\u00a0z naszymi partiami politycznymi.\u00a0System demokratyczny musi si\u0119 na nich opiera\u0107, a budujemy go w nowej Polsce ju\u017c 20 lat i wci\u0105\u017c jest s\u0142abo zakorzeniony spo\u0142ecznie. Do partii, zw\u0142aszcza poza wielkimi miastami,\u00a0ci\u0105gnie mi\u0119dzy innymi\u00a0specyficzny\u00a0rodzaj ludzi: raczej nie tak zdolnych jak cho\u0107by do biznesu, za to ,,asertywnych&#8221; i kopiuj\u0105cych j\u0119zyk i zachownia lider\u00f3w ogl\u0105danych w TV,\u00a0na przyk\u0142ad takich jak Jacek Kurski czy Grzegorz Napieralski.\u00a0\u00a0\u00a0\u00a0\u00a0<\/p>\n<p>Tak jest zreszt\u0105 i w innych krajach. Zw\u0142aszcza z partiami w\u0142adzy. Ludzie z apetytem na tego typu karier\u0119 i mo\u017cliwo\u015bci, jakie ona\u00a0stwarza, trafiaj\u0105 do takiej czy innej partii cz\u0119sto przez czysty przypadek. Mog\u0105\u00a0by\u0107 w PO, ale tak samo dobrze w PiS czy SLD. Chodzi o to, by si\u0119 ,,za\u0142apa\u0107&#8221;.<\/p>\n<p>I dlatego cz\u0142onkostwo w tej czy innej partii\u00a0nie gwarantuje, \u017ce dana osoba b\u0119dzie mia\u0142a adekwatne pogl\u0105dy, np. antydyskryminacyjne, lub \u017ce b\u0119dzie na jakim\u015b poziomie kultury ososbistej i politycznej.\u00a0<\/p>\n<p>Bp PIERONEK PRZEPRASZA<\/p>\n<p>A\u00a0jednak.\u00a0Bp Pieronek przyzna\u0142 i przeprosi\u0142, \u017ce pom\u00f3wi\u0142 portal Pontifex o zmanipulowanie jego wywiadu tam zamieszczonego. Dobre i to, cho\u0107 dla mnie &#8211; a po\u015bwi\u0119ci\u0142em tej \u017cenuj\u0105cej wypowiedzi sporo miejsca w ,,Grze w klasie&#8221;, wi\u0119c czuj\u0119 jak\u0105\u015b satysfakcj\u0119 publicystyczn\u0105 &#8211; to\u00a0za ma\u0142o.\u00a0<\/p>\n<p>Bo biskup nie t\u0142umaczy, jak mog\u0142o doj\u015b\u0107 do tego ,,wypadku przy pracy&#8221; (jego s\u0142owa), a to jest pytanie kluczowe. Na stron\u0119 Frondy nie zagl\u0105dam, bo tam\u00a0truj\u0105\u00a0antysemici i katoendecy, ale mam nadziej\u0119, \u017ce opublikuje dzisiejsze o\u015bwiadczenie Pieronka. To w rozmowie z tym portalem biskup zaledwie kilka dni temu\u00a0zaznaczy\u0142, \u017ce ,,pogl\u0105dy ma stabilne&#8221;.\u00a0Jak wida\u0107, nie\u00a0do ko\u0144ca.\u00a0A na pewno nie do ko\u0144ca przemy\u015blane.<\/p>\n<p>\u00a0\u00a0\u00a0\u00a0\u00a0\u00a0\u00a0\u00a0\u00a0\u00a0\u00a0\u00a0\u00a0\u00a0\u00a0<\/p>\n","protected":false},"excerpt":{"rendered":"<p>Po sprawie czytnika z Dolnego \u015al\u0105ska kolejny spo\u0142eczny obrazek z Polski. Tym razem z Tomaszowa Mazowieckiego, gdzie lokalny dzia\u0142acz PO da\u0142 popis grubia\u0144stwa, atakuj\u0105c miejscow\u0105 dziennikark\u0119 krytykuj\u0105c\u0105 pomys\u0142 ufundowania miejskiego sztandaru ,,Bogu, ojczy\u017anie, spo\u0142ecze\u0144stwu&#8221;. Dzia\u0142acz Platform w rewan\u017cu za krytyk\u0119 (moim zdaniem s\u0142uszn\u0105, bo na takie d\u0119te proporce szkoda publicznego grosza, chyba \u017ce pan Adamus [&hellip;]<\/p>\n","protected":false},"author":3,"featured_media":0,"comment_status":"open","ping_status":"open","sticky":false,"template":"","format":"standard","meta":{"footnotes":""},"categories":[1],"tags":[],"_links":{"self":[{"href":"https:\/\/blog.polityka.pl\/szostkiewicz\/wp-json\/wp\/v2\/posts\/617"}],"collection":[{"href":"https:\/\/blog.polityka.pl\/szostkiewicz\/wp-json\/wp\/v2\/posts"}],"about":[{"href":"https:\/\/blog.polityka.pl\/szostkiewicz\/wp-json\/wp\/v2\/types\/post"}],"author":[{"embeddable":true,"href":"https:\/\/blog.polityka.pl\/szostkiewicz\/wp-json\/wp\/v2\/users\/3"}],"replies":[{"embeddable":true,"href":"https:\/\/blog.polityka.pl\/szostkiewicz\/wp-json\/wp\/v2\/comments?post=617"}],"version-history":[{"count":0,"href":"https:\/\/blog.polityka.pl\/szostkiewicz\/wp-json\/wp\/v2\/posts\/617\/revisions"}],"wp:attachment":[{"href":"https:\/\/blog.polityka.pl\/szostkiewicz\/wp-json\/wp\/v2\/media?parent=617"}],"wp:term":[{"taxonomy":"category","embeddable":true,"href":"https:\/\/blog.polityka.pl\/szostkiewicz\/wp-json\/wp\/v2\/categories?post=617"},{"taxonomy":"post_tag","embeddable":true,"href":"https:\/\/blog.polityka.pl\/szostkiewicz\/wp-json\/wp\/v2\/tags?post=617"}],"curies":[{"name":"wp","href":"https:\/\/api.w.org\/{rel}","templated":true}]}}