
{"id":6277,"date":"2018-02-13T13:43:55","date_gmt":"2018-02-13T12:43:55","guid":{"rendered":"http:\/\/szostkiewicz.blog.polityka.pl\/?p=6277"},"modified":"2018-02-13T18:48:45","modified_gmt":"2018-02-13T17:48:45","slug":"katechetka-sprawiedliwa-wsrod-polakow","status":"publish","type":"post","link":"https:\/\/blog.polityka.pl\/szostkiewicz\/2018\/02\/13\/katechetka-sprawiedliwa-wsrod-polakow\/","title":{"rendered":"Katechetka sprawiedliwa w\u015br\u00f3d Polak\u00f3w"},"content":{"rendered":"<p>Katechetka pami\u0119ta o \u017bydach.\u00a0W Mszanie Dolnej. W krakowskiej \u201eWyborczej\u201d Olga Szpunar opisuje, jak Urszula Antosz-Rekucka walczy o postawienie w mie\u015bcie tablicy pami\u0105tkowej w miejscu, gdzie dawniej sta\u0142a synagoga.<br \/>\n<!--more--><br \/>\nNa razie bezskutecznie, cho\u0107 inicjatyw\u0119 katechetki popiera wielu ludzi, w tym mieszka\u0144cy. Na zaj\u0119ciach z uczniami opowiada o historii miejscowych \u017byd\u00f3w (jedna trzecia mieszka\u0144c\u00f3w Mszany przed Holokaustem). Chodzi z nimi po \u015bladach \u017byd\u00f3w, aby si\u0119 \u201eca\u0142kiem nie zatar\u0142y\u201d.<\/p>\n<p>Tablica w miejscu synagogi to nie pierwsza jej inicjatywa. Uda\u0142o si\u0119 jej doprowadzi\u0107 do nazwania ulicy, kt\u00f3r\u0105 Niemcy przep\u0119dzali nago \u017byd\u00f3w, Alej\u0105 Pami\u0119ci Ofiar Holokaustu. W marcu Antosz-Rekucka odbierze w Krakowie nagrod\u0119 imienia o. Stanis\u0142awa Musia\u0142a za zas\u0142ugi w pojednaniu polsko-\u017cydowskim.<\/p>\n<p>Ale nie mo\u017ce by\u0107 zbyt pi\u0119knie. Przewodnicz\u0105ca rady miasta unika rozmowy o inicjatywie, a burmistrz J\u00f3zef Kowalczyk o\u015bwiadcza, \u017ce katechetka to osoba prywatna, nie reprezentuje jakiej\u015b organizacji, wi\u0119c na jej listy (dot\u0105d dwa) w tej sprawie nie musi odpowiada\u0107. I mno\u017cy techniczne przeszkody, aby do pomys\u0142u zniech\u0119ci\u0107.<\/p>\n<p>W 2016 roku nieznany sprawca rozbi\u0142 tablic\u0119 pami\u0105tkow\u0105 przy cmentarzu \u017cydowskim, wkr\u00f3tce potem na ekranie przy szosie zakopia\u0144skiej kto\u015b dopisa\u0142: \u201eMszana Dolna od \u017byd\u00f3w wolna\u201d. Rekucka przypomnia\u0142a, \u017ce pod tym samym has\u0142em Niemcy wymordowali podczas okupacji ca\u0142\u0105 ludno\u015b\u0107 \u017cydowsk\u0105.<\/p>\n<p>W czasie gdy antysemityzm zn\u00f3w podnosi w Polsce \u0142eb, katechetka z ma\u0142ej Mszany dzielnie daje \u015bwiadectwo zasadom wiary, kt\u00f3rej uczy tamtejsz\u0105 m\u0142odzie\u017c. Czyni to z w\u0142asnej nieprzymuszonej woli, bezinteresownie, w imi\u0119 pami\u0119ci \u017cydowskich wsp\u00f3\u0142mieszka\u0144c\u00f3w i wsp\u00f3\u0142obywateli. Z poczucia, \u017ce nacjonalizm to nie patriotyzm, a na antysemityzm nie ma miejsca w Ko\u015bciele. W takich ludziach nadzieja.<\/p>\n","protected":false},"excerpt":{"rendered":"<p>Urszula Antosz-Rekucka walczy o postawienie w mie\u015bcie tablicy pami\u0105tkowej w miejscu, gdzie dawniej sta\u0142a synagoga.<\/p>\n","protected":false},"author":3,"featured_media":6283,"comment_status":"open","ping_status":"closed","sticky":false,"template":"","format":"standard","meta":{"footnotes":""},"categories":[1],"tags":[],"_links":{"self":[{"href":"https:\/\/blog.polityka.pl\/szostkiewicz\/wp-json\/wp\/v2\/posts\/6277"}],"collection":[{"href":"https:\/\/blog.polityka.pl\/szostkiewicz\/wp-json\/wp\/v2\/posts"}],"about":[{"href":"https:\/\/blog.polityka.pl\/szostkiewicz\/wp-json\/wp\/v2\/types\/post"}],"author":[{"embeddable":true,"href":"https:\/\/blog.polityka.pl\/szostkiewicz\/wp-json\/wp\/v2\/users\/3"}],"replies":[{"embeddable":true,"href":"https:\/\/blog.polityka.pl\/szostkiewicz\/wp-json\/wp\/v2\/comments?post=6277"}],"version-history":[{"count":6,"href":"https:\/\/blog.polityka.pl\/szostkiewicz\/wp-json\/wp\/v2\/posts\/6277\/revisions"}],"predecessor-version":[{"id":6286,"href":"https:\/\/blog.polityka.pl\/szostkiewicz\/wp-json\/wp\/v2\/posts\/6277\/revisions\/6286"}],"wp:featuredmedia":[{"embeddable":true,"href":"https:\/\/blog.polityka.pl\/szostkiewicz\/wp-json\/wp\/v2\/media\/6283"}],"wp:attachment":[{"href":"https:\/\/blog.polityka.pl\/szostkiewicz\/wp-json\/wp\/v2\/media?parent=6277"}],"wp:term":[{"taxonomy":"category","embeddable":true,"href":"https:\/\/blog.polityka.pl\/szostkiewicz\/wp-json\/wp\/v2\/categories?post=6277"},{"taxonomy":"post_tag","embeddable":true,"href":"https:\/\/blog.polityka.pl\/szostkiewicz\/wp-json\/wp\/v2\/tags?post=6277"}],"curies":[{"name":"wp","href":"https:\/\/api.w.org\/{rel}","templated":true}]}}