
{"id":6732,"date":"2018-05-07T17:57:48","date_gmt":"2018-05-07T15:57:48","guid":{"rendered":"http:\/\/szostkiewicz.blog.polityka.pl\/?p=6732"},"modified":"2018-05-07T20:37:20","modified_gmt":"2018-05-07T18:37:20","slug":"katyn-w-new-jersey","status":"publish","type":"post","link":"https:\/\/blog.polityka.pl\/szostkiewicz\/2018\/05\/07\/katyn-w-new-jersey\/","title":{"rendered":"Katy\u0144 w New Jersey"},"content":{"rendered":"<p>Dziennikarz skomentowa\u0142 spraw\u0119 rozs\u0105dniej ni\u017c prezydent Polski. Posz\u0142o o pomnik katy\u0144ski w New Jersey. Mariusz Zawadzki napisa\u0142 tak: &#8222;Sorry, ale miejsce pomnika katy\u0144skiego jest w Warszawie, Katyniu albo w Moskwie. A nie w najfajniejszym miejscu na niedzielny spacer z dzie\u0107mi w New Jersey&#8221;.<br \/>\n<!--more--><br \/>\nTo dobre streszczenie tekstu Zawadzkiego, do niedawna korespondenta &#8222;GW&#8221; w USA. To jasne, \u017ce sprawa Katynia jest dla nas wa\u017cna, lecz z tego nie wynika, \u017ce nale\u017cy wytacza\u0107 ameryka\u0144skiemu burmistrzowi wojn\u0119 na najwy\u017cszym szczeblu.<\/p>\n<p>Kontrowersja dotyczy nie tylko pomys\u0142u burmistrza miasta, by pomnik przenie\u015b\u0107 gdzie indziej, bo chce tam urz\u0105dzi\u0107 park spacerowy. Dotyczy tak\u017ce jego obcesowej riposty na krytyk\u0119 ze strony polskich dostojnik\u00f3w: prezydenta i marsza\u0142ka Senatu. W tle kontrowersji nieszcz\u0119sna nowelizacja &#8222;antyznies\u0142awieniowej&#8221; ustawy IPN.<\/p>\n<p><strong>\u017bydowski spisek<\/strong><br \/>\nPrawica ju\u017c okrzykn\u0119\u0142a burmistrza Fulopa wrogiem Polski, bo \u015bmia\u0142 wytkn\u0105\u0107 obecnej w\u0142adzy fataln\u0105 nowelizacj\u0119, a marsza\u0142ka Karczewskiego pomawia o antysemityzm. Zlustrowa\u0142a go narodowo\u015bciowo: \u017byd rumu\u0144ski. Propagandowa machina prawicy ju\u017c wi\u0105\u017ce pomys\u0142 Fulopa z Sorosem, kt\u00f3rego w roli wroga publicznego numer jeden obsadzi\u0142 premier Orban.<\/p>\n<p>Tak wi\u0119c niewinny projekt parku okazuje si\u0119 zamachem na Polsk\u0119 uknutym przez \u017byd\u00f3w. Absurd? Oczywi\u015bcie, ale przecie\u017c chodzi o to, by mobilizowa\u0107 prawicowc\u00f3w przeciwko&#8230; No w\u0142a\u015bnie? Przeciwko komu? Burmistrzowi, mieszka\u0144com miasta, kt\u00f3rzy nie protestuj\u0105, a mo\u017ce przeciwko rz\u0105dowi USA, \u017ce takich rzeczy nie pi\u0119tnuje i nie zakazuje?<\/p>\n<p><strong>Nie ta liga<\/strong><br \/>\nPartnerem burmistrza w tej dyskusji powinni by\u0107 przedstawiciele miejscowej spo\u0142eczno\u015bci polskiej, rada miejska, inne organizacje spo\u0142eczne. Miasto pomnikiem si\u0119 opiekowa\u0142o i ponosi\u0142o koszty z tym zwi\u0105zane. Ma prawo wyznaczy\u0107 mu inne miejsce.<\/p>\n<p>Polscy dostojnicy pa\u0144stwowi nara\u017caj\u0105 si\u0119 na nieprzychylne zdziwienie ameryka\u0144skiej i mi\u0119dzynarodowej opinii publicznej, podejmuj\u0105c sp\u00f3r z urz\u0119dnikiem samorz\u0105dowym. Nie ta liga. Presti\u017c pa\u0144stwa polskiego na tym nie zyskuje, tylko traci. Od takich kontrowersji pa\u0144stwo ma s\u0142u\u017cby konsularne.<\/p>\n<p>Pami\u0119tamy interwencj\u0119 premier Szyd\u0142o w sprawie figury Jana Paw\u0142a II we francuskim miasteczku. Co si\u0119 z ni\u0105 sta\u0142o? Niewa\u017cne, chodzi\u0142o o polityczny gest propagandowy na u\u017cytek krajowy. Teraz ten sam schemat PiS \u0107wiczy w New Jersey. Pami\u0119\u0107 o Katyniu zas\u0142uguje na wi\u0119cej.<\/p>\n","protected":false},"excerpt":{"rendered":"<p>Tak wi\u0119c niewinny projekt parku okazuje si\u0119 zamachem na Polsk\u0119 uknutym przez \u017byd\u00f3w. Absurd?<\/p>\n","protected":false},"author":3,"featured_media":6738,"comment_status":"open","ping_status":"closed","sticky":false,"template":"","format":"standard","meta":{"footnotes":""},"categories":[223,217],"tags":[224,212,225],"_links":{"self":[{"href":"https:\/\/blog.polityka.pl\/szostkiewicz\/wp-json\/wp\/v2\/posts\/6732"}],"collection":[{"href":"https:\/\/blog.polityka.pl\/szostkiewicz\/wp-json\/wp\/v2\/posts"}],"about":[{"href":"https:\/\/blog.polityka.pl\/szostkiewicz\/wp-json\/wp\/v2\/types\/post"}],"author":[{"embeddable":true,"href":"https:\/\/blog.polityka.pl\/szostkiewicz\/wp-json\/wp\/v2\/users\/3"}],"replies":[{"embeddable":true,"href":"https:\/\/blog.polityka.pl\/szostkiewicz\/wp-json\/wp\/v2\/comments?post=6732"}],"version-history":[{"count":4,"href":"https:\/\/blog.polityka.pl\/szostkiewicz\/wp-json\/wp\/v2\/posts\/6732\/revisions"}],"predecessor-version":[{"id":6737,"href":"https:\/\/blog.polityka.pl\/szostkiewicz\/wp-json\/wp\/v2\/posts\/6732\/revisions\/6737"}],"wp:featuredmedia":[{"embeddable":true,"href":"https:\/\/blog.polityka.pl\/szostkiewicz\/wp-json\/wp\/v2\/media\/6738"}],"wp:attachment":[{"href":"https:\/\/blog.polityka.pl\/szostkiewicz\/wp-json\/wp\/v2\/media?parent=6732"}],"wp:term":[{"taxonomy":"category","embeddable":true,"href":"https:\/\/blog.polityka.pl\/szostkiewicz\/wp-json\/wp\/v2\/categories?post=6732"},{"taxonomy":"post_tag","embeddable":true,"href":"https:\/\/blog.polityka.pl\/szostkiewicz\/wp-json\/wp\/v2\/tags?post=6732"}],"curies":[{"name":"wp","href":"https:\/\/api.w.org\/{rel}","templated":true}]}}