
{"id":704,"date":"2010-09-01T15:58:13","date_gmt":"2010-09-01T14:58:13","guid":{"rendered":"http:\/\/szostkiewicz.blog.polityka.pl\/?p=704"},"modified":"2010-09-02T08:44:08","modified_gmt":"2010-09-02T07:44:08","slug":"platforma-proboszczy","status":"publish","type":"post","link":"https:\/\/blog.polityka.pl\/szostkiewicz\/2010\/09\/01\/platforma-proboszczy\/","title":{"rendered":"Platforma proboszczy"},"content":{"rendered":"<p>PO w Ma\u0142opolsce pisze do proboszczy, \u017ce nie jest wielb\u0142\u0105dem. Dobrze wymow\u0119 tego kuriozalnego listu streszcza Katarzyna Wi\u015bniewska z GW: Drodzy ksi\u0119\u017ca proboszczowie, pami\u0119tajcie, \u017ce polityk PO i groszem sypnie, i Jana Paw\u0142a II na wyrywki zacytuje, i krzy\u017ca b\u0119dzie broni\u0142. Polityk PO czuwa i s\u0142u\u017cy (do mszy).\u00a0<\/p>\n<p>Krakowski lider Platformy, pose\u0142 Ra\u015b, ju\u017c zani\u00f3s\u0142 list do proboszcza bazyliki Mariackiej. Pomys\u0142 firmuje frontman Platformy pose\u0142 Gowin. Liczy, \u017ce ten list prze\u0142amie niech\u0119\u0107 proboszczy do partii Tuska.<\/p>\n<p>My\u015bl\u0119, \u017ce nie prze\u0142amie, chyba \u017ce szefem PO zosta\u0142by Gowin, ale i wtedy nie ma pewno\u015bci. W Polsce po-habsburskiej walk\u0119 o proboszczy obecna Platforma przegrywa z PiS walkowerem. W Ma\u0142opolscy i na Podkarpaciu, poza wi\u0119kszymi miastami, mamy republik\u0119 proboszczy. To oni s\u0105 tu liderami opinii. W tym sensie pomys\u0142 listu jest racjonalny. Ale po\u015brednio potwierdza z\u0142y dla PO uk\u0142ad si\u0142 politycznych w tej cz\u0119\u015bci kraju i jeszcze go pogarsza.<\/p>\n<p>Ci\u0119\u017cszy grzech listu polega na robieniu tego, o co ma si\u0119 s\u0142usznie pretensje do Ko\u015bcio\u0142a. Nie chcemy, by Ko\u015bci\u00f3\u0142 miesza\u0142 si\u0119 do polityki, a tu Platforma sama Ko\u015bci\u00f3\u0142 politycznie molestuje. Tak jak nie jest rzecz\u0105 Ko\u015bcio\u0142a instruowa\u0107 wiernych wyborczo i agitowa\u0107 partyjnie, podobnie nie jest rzecz\u0105 partii politycznych agitowa\u0107 ksi\u0119\u017cy.<\/p>\n<p>Dlatego list uwa\u017cam za szkodliwy nie tylko dla wizerunku PO, ale i dla pr\u00f3b przywr\u00f3cenia w Polsce konstytucyjnego rozdzia\u0142u pa\u0144stwa i polityki bie\u017c\u0105cej od Ko\u015bcio\u0142a. Niby drobiazg ten list, ale znacz\u0105cy. Te\u017c dlatego, \u017ce pokazuje jakie w Platformie wiej\u0105 dzi\u015b wiatry. To nie jest partia liberalno-konserwatywna, lecz konserwatywno-klerykalna, a to r\u00f3\u017cnica. Zyska\u0107 na tym mog\u0105 tylko Napieralski i Palikot. I dobrze.\u00a0\u00a0\u00a0<br \/>\n\u00a0<\/p>\n<p>XXXX<\/p>\n<p>Zwykle nie w\u0142\u0105czam si\u0119 w dyskusj\u0119, bo i tak toczy si\u0119 szparko, a ja, co mam do powiedzenia, pisz\u0119 w blogu. Ale temat solidarno\u015bciowy nabra\u0142 w tych dniach takiego ci\u0119\u017caru, wywo\u0142a\u0142 tyle emocji, z\u0142ych (w Gdyni) i dobrych (w Gda\u0144sku, na koncercie, z doskona\u0142ym Wa\u0142\u0119s\u0105), \u017ce chc\u0119 przypomnie\u0107\u00a0&#8211; szczeg\u00f3lnie autorom takich wpis\u00f3w jak the mentor, spin doktor, Wodnik53, Q (co to znaczy, \u017ce jestem ,,teoretykiem pracy&#8221;?: pracuj\u0119 pi\u00f3rem nieprzerwanie od prawie 40 lat, chyba \u017ce dla Q praca jest tylko w manufakturze), Zdziwiona\u00a0 &#8211;\u00a0\u017ce nale\u017c\u0119 do pokolenia solidarno\u015bciowych ,,anarchosyndykalist\u00f3w&#8221; i do\u015bwiadczenie Sierpnia, pierwszej Solidarno\u015bci (by\u0142em delegatem na I zjazd) i lat stanu wojennego (by\u0142em wi\u0119\u017aniem gen. Jaruzelskiego) to jest dla mnie skarb i w\u0142a\u015bnie dlatego tak mi si\u0119 nie podoba, co teraz si\u0119 wyprawia pod szyldem Solidarno\u015bci, de facto niszcz\u0105c w oczach wielu to, co na to nie zas\u0142uguje. Cokolwiek powiemy o dwudziestoleciu po 1989 r., dla mnie zmiana PRL na RP jest zmian\u0105 na lepsze i rad jestem, \u017ce dane mi by\u0142o w tym uczestniczy\u0107. Dzi\u0119kuj\u0119 nickom: Ewa (za Karczmarskiego, mego przyjaciela), gliwer(za Krzaklewskiego), aqa (za Jurczyka), pfg (za Wa\u0142\u0119s\u0119), Wodnik53 (za Paetza), a tak\u017ce Ryba, stasieku, aldona3. Torlinowi i\u00a0 Jacobsky&#8217;emu, Kartce z podr\u00f3\u017cy &#8211; tradycyjnie, za umiar i merytoryczno\u015b\u0107. Maria &#8211; nie, statuy; Wiesiek59 &#8211; tak jest, najpierw matematyka, potem kaba\u0142a. MAJK &#8211; nie rozumiem wst\u0119pu (jakie bycie ponad?), reszta OK.\u00a0 Ale te wszystkie wycieczki przeciwko ,,elitom&#8221; , dziennikarzom, styropianowcom, wydaj\u0105 mi si\u0119 ma\u0142ostkowe. Takie schadenfreude.<\/p>\n","protected":false},"excerpt":{"rendered":"<p>PO w Ma\u0142opolsce pisze do proboszczy, \u017ce nie jest wielb\u0142\u0105dem. Dobrze wymow\u0119 tego kuriozalnego listu streszcza Katarzyna Wi\u015bniewska z GW: Drodzy ksi\u0119\u017ca proboszczowie, pami\u0119tajcie, \u017ce polityk PO i groszem sypnie, i Jana Paw\u0142a II na wyrywki zacytuje, i krzy\u017ca b\u0119dzie broni\u0142. Polityk PO czuwa i s\u0142u\u017cy (do mszy).\u00a0 Krakowski lider Platformy, pose\u0142 Ra\u015b, ju\u017c zani\u00f3s\u0142 [&hellip;]<\/p>\n","protected":false},"author":3,"featured_media":0,"comment_status":"open","ping_status":"open","sticky":false,"template":"","format":"standard","meta":{"footnotes":""},"categories":[1],"tags":[],"_links":{"self":[{"href":"https:\/\/blog.polityka.pl\/szostkiewicz\/wp-json\/wp\/v2\/posts\/704"}],"collection":[{"href":"https:\/\/blog.polityka.pl\/szostkiewicz\/wp-json\/wp\/v2\/posts"}],"about":[{"href":"https:\/\/blog.polityka.pl\/szostkiewicz\/wp-json\/wp\/v2\/types\/post"}],"author":[{"embeddable":true,"href":"https:\/\/blog.polityka.pl\/szostkiewicz\/wp-json\/wp\/v2\/users\/3"}],"replies":[{"embeddable":true,"href":"https:\/\/blog.polityka.pl\/szostkiewicz\/wp-json\/wp\/v2\/comments?post=704"}],"version-history":[{"count":0,"href":"https:\/\/blog.polityka.pl\/szostkiewicz\/wp-json\/wp\/v2\/posts\/704\/revisions"}],"wp:attachment":[{"href":"https:\/\/blog.polityka.pl\/szostkiewicz\/wp-json\/wp\/v2\/media?parent=704"}],"wp:term":[{"taxonomy":"category","embeddable":true,"href":"https:\/\/blog.polityka.pl\/szostkiewicz\/wp-json\/wp\/v2\/categories?post=704"},{"taxonomy":"post_tag","embeddable":true,"href":"https:\/\/blog.polityka.pl\/szostkiewicz\/wp-json\/wp\/v2\/tags?post=704"}],"curies":[{"name":"wp","href":"https:\/\/api.w.org\/{rel}","templated":true}]}}