
{"id":72,"date":"2006-09-05T15:10:14","date_gmt":"2006-09-05T13:10:14","guid":{"rendered":"http:\/\/szostkiewicz.blog.polityka.pl\/?p=72"},"modified":"2006-09-05T15:12:40","modified_gmt":"2006-09-05T13:12:40","slug":"zapamietaj-cztery-slowa","status":"publish","type":"post","link":"https:\/\/blog.polityka.pl\/szostkiewicz\/2006\/09\/05\/zapamietaj-cztery-slowa\/","title":{"rendered":"Zapami\u0119taj cztery s\u0142owa"},"content":{"rendered":"<p>No i trzymamy poziom, Drodzy Wpisowicze\u00a0&#8211; dzi\u0119kuj\u0119, zw\u0142aszcza nickom: Orcio, Wodnik53, Torlin i sta\u0142ym go\u015bciom, zawsze mile tu czytanym. Nie damy si\u0119 chamstwu czarnemu czy czerwonemu.<\/p>\n<p>Po co ja t\u0119 \u015bwieczk\u0119 pali\u0142em i czy si\u0119 za dusz\u0119 Jacka modli\u0142em? Szed\u0142em pod ten krzy\u017c w Krakowie bez mieszanych uczu\u0107. Tak\u0105 form\u0119 wymy\u015blili spontanicznie ludzie w Krakowie, aktorka i kompozytor,\u00a0 i wi\u0119cej to dla mnie warte, \u017ce wymy\u015blili, a inni ludzie zareagowali, ni\u017c supernowoczesne tajne bronie wymy\u015blane przez macher\u00f3w od reklam politycznych w TV, w\u0142\u0105cznie zreszt\u0105 ze spotem PO, kt\u00f3ry jednak by\u0142o nie by\u0142o strza\u0142em okaza\u0142 si\u0119 celnym, jak \u015bwiadcz\u0105 reakcje spin-doktor\u00f3w (szaman\u00f3w PR) PiS-u.<\/p>\n<p>Ja w ostatnich wyborach g\u0142osowa\u0142em na Demokrat\u00f3w, teraz na PO patrz\u0119 dalej bez wi\u0119kszych z\u0142udze\u0144 i nadziei, ale polityczny elementarz nakazuje poprze\u0107 nieprzyjaci\u00f3\u0142 moich nieprzyjaci\u00f3\u0142. Co innego Kuro\u0144. To jest sprawa ponad bie\u017c\u0105c\u0105 polityk\u0105. Jasne, \u017ce mo\u017cna drukowa\u0107 ka\u017cdy dokument, ale tu z\u0142a wola by\u0142a przecie\u017c ewidentna. Czy pro-PiS-owskie gazety drukuj\u0105 wycieki z IPN o kontaktach ludzi Ko\u015bcio\u0142a czy obecnego obozu rz\u0105dz\u0105cego z apartem PRL? Tak si\u0119 &#8222;jako\u015b&#8221;? sk\u0142ada, \u017ce na cenzurowane trafiaj\u0105 zwykle postaci z obozu dzi\u015b opozycyjnego wobec rz\u0105dz\u0105cego tr\u00f3jprzymierza. To jest tak grubymi ni\u0107mi szyte, \u017ce mog\u0105 si\u0119 na to nabra\u0107 tylko naiwni lub doktrynerzy.\u00a0\u00a0\u00a0\u00a0\u00a0\u00a0\u00a0\u00a0\u00a0\u00a0\u00a0<\/p>\n<p>O co ja si\u0119 modl\u0119, to moja sprawa g\u0142\u0119boko prywatna, ale uchyl\u0119 r\u0105bka tajemnicy, cytuj\u0105c ulubion\u0105 moj\u0105 modlitw\u0119, do\u015b\u0107 zreszt\u0105 &#8222;anty-blogow\u0105&#8221;:<\/p>\n<blockquote><p>Panie, zachowaj mnie od zgubnego mniemania, \u017ce musz\u0119 co powiedzie\u0107 na ka\u017cdy temat i przy ka\u017cdej okazji. Odbierz mi ch\u0119\u0107 prostowania ka\u017cdemu \u015bcie\u017cek. U\u017cycz mi chwalebnego poczucia, \u017ce czasem mog\u0119 si\u0119 myli\u0107. Zachowaj mnie mi\u0142ym dla ludzi, cho\u0107 z niekt\u00f3rymi z nich doprawdy trudno wytrzyma\u0107. Daj mi zdolno\u015b\u0107 dostrzegania dobrych rzeczy w nieoczekiwanych miejscach i niecodziennych zalet w ludziach.<\/p><\/blockquote>\n<p>PiS-owc\u00f3w nie wy\u0142\u0105czaj\u0105c, dodam od siebie do tych s\u0142\u00f3w sprzed wiek\u00f3w \u015bw. Tomasza z Akwinu. Amen.<\/p>\n<p><strong>PS<\/strong>. A tytu\u0142? W ostatniej przed II wojn\u0105 kampanii wyborczej do Sejmu ob\u00f3z rz\u0105dz\u0105cy (OZN) startowa\u0142 z has\u0142em &#8222;Zapami\u0119taj cztery s\u0142owa: Sejm to ordynacja nowa&#8221;. I wygra\u0142. Kt\u00f3ry wsp\u00f3\u0142czesny szaman od PR by pomy\u015bla\u0142, \u017ce z takim has\u0142em mo\u017cna w Polsce wygra\u0107 wybory do Sejmu. Niech nowy Centrolew nie traci nadziei.\u00a0\u00a0\u00a0\u00a0\u00a0\u00a0\u00a0\u00a0\u00a0\u00a0\u00a0\u00a0\u00a0\u00a0\u00a0<\/p>\n","protected":false},"excerpt":{"rendered":"<p>No i trzymamy poziom, Drodzy Wpisowicze\u00a0&#8211; dzi\u0119kuj\u0119, zw\u0142aszcza nickom: Orcio, Wodnik53, Torlin i sta\u0142ym go\u015bciom, zawsze mile tu czytanym. Nie damy si\u0119 chamstwu czarnemu czy czerwonemu. Po co ja t\u0119 \u015bwieczk\u0119 pali\u0142em i czy si\u0119 za dusz\u0119 Jacka modli\u0142em? Szed\u0142em pod ten krzy\u017c w Krakowie bez mieszanych uczu\u0107. Tak\u0105 form\u0119 wymy\u015blili spontanicznie ludzie w Krakowie, [&hellip;]<\/p>\n","protected":false},"author":3,"featured_media":0,"comment_status":"open","ping_status":"open","sticky":false,"template":"","format":"standard","meta":{"footnotes":""},"categories":[1],"tags":[],"_links":{"self":[{"href":"https:\/\/blog.polityka.pl\/szostkiewicz\/wp-json\/wp\/v2\/posts\/72"}],"collection":[{"href":"https:\/\/blog.polityka.pl\/szostkiewicz\/wp-json\/wp\/v2\/posts"}],"about":[{"href":"https:\/\/blog.polityka.pl\/szostkiewicz\/wp-json\/wp\/v2\/types\/post"}],"author":[{"embeddable":true,"href":"https:\/\/blog.polityka.pl\/szostkiewicz\/wp-json\/wp\/v2\/users\/3"}],"replies":[{"embeddable":true,"href":"https:\/\/blog.polityka.pl\/szostkiewicz\/wp-json\/wp\/v2\/comments?post=72"}],"version-history":[{"count":0,"href":"https:\/\/blog.polityka.pl\/szostkiewicz\/wp-json\/wp\/v2\/posts\/72\/revisions"}],"wp:attachment":[{"href":"https:\/\/blog.polityka.pl\/szostkiewicz\/wp-json\/wp\/v2\/media?parent=72"}],"wp:term":[{"taxonomy":"category","embeddable":true,"href":"https:\/\/blog.polityka.pl\/szostkiewicz\/wp-json\/wp\/v2\/categories?post=72"},{"taxonomy":"post_tag","embeddable":true,"href":"https:\/\/blog.polityka.pl\/szostkiewicz\/wp-json\/wp\/v2\/tags?post=72"}],"curies":[{"name":"wp","href":"https:\/\/api.w.org\/{rel}","templated":true}]}}