
{"id":7266,"date":"2018-08-30T23:58:51","date_gmt":"2018-08-30T21:58:51","guid":{"rendered":"http:\/\/szostkiewicz.blog.polityka.pl\/?p=7266"},"modified":"2018-08-31T08:03:10","modified_gmt":"2018-08-31T06:03:10","slug":"wizy-panie-prezydencie-wizy","status":"publish","type":"post","link":"https:\/\/blog.polityka.pl\/szostkiewicz\/2018\/08\/30\/wizy-panie-prezydencie-wizy\/","title":{"rendered":"Wizy, panie prezydencie, wizy!"},"content":{"rendered":"<p>Prezydent Andrzej Duda spotka si\u0119 w cztery oczy z Donaldem Trumpem w Bia\u0142ym Domu, ale czy zrobi co\u015b dla zniesienia wiz dla obywateli polskich wybieraj\u0105cych si\u0119 do USA? Nie uda\u0142o si\u0119 dot\u0105d \u017cadnemu polskiemu prezydentowi po 1989 r., w\u0142\u0105cznie z wci\u0105\u017c powa\u017canym w Stanach Lechem Wa\u0142\u0119s\u0105.<br \/>\n<!--more--><br \/>\nDobrze, \u017ce do spotkania prezydent\u00f3w wreszcie dojdzie, bo Andrzej Duda czeka\u0142 na oficjaln\u0105 wizyt\u0119 w USA prawie trzy lata, a to oznacza, \u017ce na li\u015bcie priorytet\u00f3w ekipy Trumpa Polska zajmuje ni\u017csz\u0105 pozycj\u0119 ni\u017c za jego poprzednik\u00f3w w Bia\u0142ym Domu. Ekipie Dudy ta wizyta jest bardziej potrzebna ni\u017c Trumpowi.<\/p>\n<p>\u017beby wizyta przynios\u0142a korzy\u015b\u0107 Polsce, a nie tylko ekipie Dudy i obozowi obecnej w\u0142adzy, prezydent Trump powinien zaj\u0105\u0107 jasne stanowisko w dwu sprawach. W sprawie sta\u0142ej obecno\u015bci \u017co\u0142nierzy ameryka\u0144skich w naszym kraju i w sprawie re\u017cimu wizowego.<\/p>\n<p>W sprawie wiz prezydent nie mo\u017ce obej\u015b\u0107 obowi\u0105zuj\u0105cych kryteri\u00f3w zniesienia obowi\u0105zku wizowego, ale mo\u017ce wykona\u0107 gest dobrej woli. A je\u015bli nadchodz\u0105ce wybory uzupe\u0142niaj\u0105ce do ameryka\u0144skiego parlamentu wzmocni\u0105 pozycj\u0119 Partii Republika\u0144skiej, mo\u017ce wr\u00f3ci\u0107 do tematu. Trump dostrzega Polsk\u0119, kiedy chce pokaza\u0107 swoim zwolennikom w Stanach, \u017ce nie ca\u0142a Europa traktuje go jak problem, a nie sprzymierze\u0144ca. Czyli traktuje Polsk\u0119 instrumentalnie.<\/p>\n<p>Sprawa bazy w Polsce te\u017c wygl\u0105da kiepsko. Ameryka\u0144ska generalicja w NATO dystansuje si\u0119 od \u015bcis\u0142ej wsp\u00f3\u0142pracy z Polsk\u0105, bo postrzega obecny rz\u0105d w Warszawie jako nieprzewidywalny w swych stosunkach z Rosj\u0105. W natowskich s\u0142u\u017cbach specjalnych pami\u0119ta si\u0119 o tym, co za ministra Macierewicza dzia\u0142o si\u0119 na tym kluczowym odcinku.<\/p>\n<p>Cie\u0144 Rosji wisi nad polityk\u0105 ameryka\u0144sk\u0105, ale te\u017c nad polsk\u0105. Prezydent Duda przyb\u0119dzie do Bia\u0142ego Domu akurat w prawie okr\u0105g\u0142\u0105 rocznic\u0119 inwazji Stalina na Polsk\u0119 w 1939 r. i w okr\u0105g\u0142\u0105 rocznic\u0119 odrodzenia si\u0119 polskiej pa\u0144stwowo\u015bci w 1918 r. na zaledwie 21 lat. Polska sto lat temu mia\u0142a poparcie prezydenta Wilsona, ale w Ja\u0142cie inny ameryka\u0144ski prezydent przysta\u0142 na w\u0142\u0105czenie Polski do rosyjskiej strefy wp\u0142yw\u00f3w, co pozbawi\u0142o nasz kraj pe\u0142nej suwerenno\u015bci na prawie p\u00f3\u0142 wieku.<\/p>\n<p>Pami\u0119\u0107 i refleksja o tym to nie jest zoologiczna rusofobia ani nacjonalistyczny czy lewicowy antyamerykanizm. Ale kto potrafi powiedzie\u0107, jaka jest pozycja rz\u0105du premiera Morawieckiego, wypromowanego przez w\u0142asnego ojca, kt\u00f3ry z kolei udziela rosyjskim mediom dwuznacznych wypowiedzi, raczej niech\u0119tnych Zachodowi, a wi\u0119c tak\u017ce NATO?<\/p>\n<p>P\u00f3ki nie b\u0119dzie takiego jasnego stanowiska obecnej w\u0142adzy w kwestiach fundamentalnych dla bezpiecze\u0144stwa i przysz\u0142o\u015bci Polski: cz\u0142onkostwa w Sojuszu, w Unii, gotowo\u015bci do wsp\u00f3pracy nie tylko dla korzy\u015bci wzajemnych, a nie tylko jednostronnych. Chaos, sprzeczne sygna\u0142y, uniki, lawirowanie to \u017cadna polityka. A wizyty prezydenckie w takiej oprawie to korzy\u015b\u0107 wizerunkowa tylko dla ekipy prezydenta w jego rozgrywce wewn\u0105trzpartyjnej, ale nie dla Polski.<\/p>\n","protected":false},"excerpt":{"rendered":"<p>Dobrze, \u017ce do spotkania prezydent\u00f3w wreszcie dojdzie.<\/p>\n","protected":false},"author":3,"featured_media":7271,"comment_status":"open","ping_status":"closed","sticky":false,"template":"","format":"standard","meta":{"footnotes":""},"categories":[1],"tags":[],"_links":{"self":[{"href":"https:\/\/blog.polityka.pl\/szostkiewicz\/wp-json\/wp\/v2\/posts\/7266"}],"collection":[{"href":"https:\/\/blog.polityka.pl\/szostkiewicz\/wp-json\/wp\/v2\/posts"}],"about":[{"href":"https:\/\/blog.polityka.pl\/szostkiewicz\/wp-json\/wp\/v2\/types\/post"}],"author":[{"embeddable":true,"href":"https:\/\/blog.polityka.pl\/szostkiewicz\/wp-json\/wp\/v2\/users\/3"}],"replies":[{"embeddable":true,"href":"https:\/\/blog.polityka.pl\/szostkiewicz\/wp-json\/wp\/v2\/comments?post=7266"}],"version-history":[{"count":4,"href":"https:\/\/blog.polityka.pl\/szostkiewicz\/wp-json\/wp\/v2\/posts\/7266\/revisions"}],"predecessor-version":[{"id":7270,"href":"https:\/\/blog.polityka.pl\/szostkiewicz\/wp-json\/wp\/v2\/posts\/7266\/revisions\/7270"}],"wp:featuredmedia":[{"embeddable":true,"href":"https:\/\/blog.polityka.pl\/szostkiewicz\/wp-json\/wp\/v2\/media\/7271"}],"wp:attachment":[{"href":"https:\/\/blog.polityka.pl\/szostkiewicz\/wp-json\/wp\/v2\/media?parent=7266"}],"wp:term":[{"taxonomy":"category","embeddable":true,"href":"https:\/\/blog.polityka.pl\/szostkiewicz\/wp-json\/wp\/v2\/categories?post=7266"},{"taxonomy":"post_tag","embeddable":true,"href":"https:\/\/blog.polityka.pl\/szostkiewicz\/wp-json\/wp\/v2\/tags?post=7266"}],"curies":[{"name":"wp","href":"https:\/\/api.w.org\/{rel}","templated":true}]}}