
{"id":727,"date":"2010-11-08T23:35:32","date_gmt":"2010-11-08T22:35:32","guid":{"rendered":"http:\/\/szostkiewicz.blog.polityka.pl\/?p=727"},"modified":"2010-11-08T23:35:32","modified_gmt":"2010-11-08T22:35:32","slug":"kotylion-prezydenta","status":"publish","type":"post","link":"https:\/\/blog.polityka.pl\/szostkiewicz\/2010\/11\/08\/kotylion-prezydenta\/","title":{"rendered":"Kotylion prezydenta"},"content":{"rendered":"<p>W trakcie wywiadu dla Tomasza Lisa prezydent Komorowski przypi\u0105\u0142 bia\u0142o-czerwony kotylion z okazji \u015awi\u0119ta Niepodleg\u0142o\u015bci. Drugi wr\u0119czy\u0142 dziennikarzowi, kt\u00f3ry te\u017c go wpi\u0105\u0142 w marynark\u0119. Prezydent pragnie, by\u015bmy obchodzili \u015bwi\u0119to narodowe z ,,radosn\u0105 dum\u0105&#8221;. \u0141adny gest, zbo\u017cna intencja.<\/p>\n<p>Tylko \u017ce to za ma\u0142o, by Polska 11 listopada \u015bwi\u0119towa\u0142a tak, jak wymarzy\u0142 sobie pan prezydent. Przed 11 listopada b\u0119dzie dziesi\u0105ty i przekonamy si\u0119, czy jest szansa na radosn\u0105 dum\u0119 ponad podzia\u0142ami. Na razie niewiele na to wskazuje.<\/p>\n<p>Co mnie w rozmowie Lisa z Komorowskim uderzy\u0142o, to przewaga temat\u00f3w krajowych, z regu\u0142y bie\u017c\u0105cych, nad polityk\u0105 mi\u0119dzynarodow\u0105. Prezydent tylko zamarkowa\u0142 spraw\u0119 ,,powrotu Polski do serca integracji europejskiej&#8221;, a Lis go o to nie naciska\u0142. Szkoda, bo my\u015bl by\u0142a wa\u017cna, wa\u017cniejsza ni\u017c rozwa\u017cania na kanwie perypetii pose\u0142 Kluzik-Rostkowskiej.<\/p>\n<p>Tak, prezydent podkre\u015bli\u0142, \u017ce ma ju\u017c na koncie wiele podr\u00f3\u017cy zagranicznych i przygotowuje si\u0119 do podj\u0119cia w Warszawie prezydenta Rosji w duchu konstruktywnym. Generalnie jednak nie zdo\u0142a\u0142 rozwin\u0105\u0107 swej koncepcji polityki zagranicznej pa\u0144stwa.<\/p>\n<p>Wysz\u0142o to w sumie troch\u0119 powierzchownie, a mo\u017ce nawet odrobin\u0119 prowincjonalnie. Nie chodzi o to, \u017ceby si\u0119 puszy\u0107 i nadyma\u0107, to ju\u017c przerabiali\u015bmy z naszymi poprzednimi prezydentami, lecz by pokaza\u0107 spo\u0142ecze\u0144stwu, jakie s\u0105 na tym polu cele obecnego szefa pa\u0144stwa. Dowiedzieli\u015bmy si\u0119 sporo o celach ,,krajowych&#8221; &#8211; brzmia\u0142o to do\u015b\u0107 przekonuj\u0105co &#8211; ale w r\u00f3wnie istotnych sprawach zagranicznych pozostawi\u0142 nas prezydent w poczuciu znacznego niedosytu.<\/p>\n<p>Sto dni prezydenta Komorowskiego nie mo\u017ce by\u0107 podstaw\u0105 do jakichkolwiek powa\u017cnych ocen jego dzia\u0142a\u0144. Ale mo\u017ce by\u0107 sygna\u0142em, kim jest jako g\u0142owa pa\u0144stwa i dok\u0105d zamierza. Na razie sygna\u0142 nie jest tak czytelny, jak mo\u017cna by oczekiwa\u0107 po polityku tak do\u015bwiadczonym i zahartowanym. Ale kotylion mi si\u0119 podoba, cho\u0107 nieco staro\u015bwiecki.\u00a0\u00a0\u00a0\u00a0\u00a0\u00a0\u00a0<\/p>\n","protected":false},"excerpt":{"rendered":"<p>W trakcie wywiadu dla Tomasza Lisa prezydent Komorowski przypi\u0105\u0142 bia\u0142o-czerwony kotylion z okazji \u015awi\u0119ta Niepodleg\u0142o\u015bci. Drugi wr\u0119czy\u0142 dziennikarzowi, kt\u00f3ry te\u017c go wpi\u0105\u0142 w marynark\u0119. Prezydent pragnie, by\u015bmy obchodzili \u015bwi\u0119to narodowe z ,,radosn\u0105 dum\u0105&#8221;. \u0141adny gest, zbo\u017cna intencja. Tylko \u017ce to za ma\u0142o, by Polska 11 listopada \u015bwi\u0119towa\u0142a tak, jak wymarzy\u0142 sobie pan prezydent. Przed 11 [&hellip;]<\/p>\n","protected":false},"author":3,"featured_media":0,"comment_status":"open","ping_status":"open","sticky":false,"template":"","format":"standard","meta":{"footnotes":""},"categories":[1],"tags":[],"_links":{"self":[{"href":"https:\/\/blog.polityka.pl\/szostkiewicz\/wp-json\/wp\/v2\/posts\/727"}],"collection":[{"href":"https:\/\/blog.polityka.pl\/szostkiewicz\/wp-json\/wp\/v2\/posts"}],"about":[{"href":"https:\/\/blog.polityka.pl\/szostkiewicz\/wp-json\/wp\/v2\/types\/post"}],"author":[{"embeddable":true,"href":"https:\/\/blog.polityka.pl\/szostkiewicz\/wp-json\/wp\/v2\/users\/3"}],"replies":[{"embeddable":true,"href":"https:\/\/blog.polityka.pl\/szostkiewicz\/wp-json\/wp\/v2\/comments?post=727"}],"version-history":[{"count":0,"href":"https:\/\/blog.polityka.pl\/szostkiewicz\/wp-json\/wp\/v2\/posts\/727\/revisions"}],"wp:attachment":[{"href":"https:\/\/blog.polityka.pl\/szostkiewicz\/wp-json\/wp\/v2\/media?parent=727"}],"wp:term":[{"taxonomy":"category","embeddable":true,"href":"https:\/\/blog.polityka.pl\/szostkiewicz\/wp-json\/wp\/v2\/categories?post=727"},{"taxonomy":"post_tag","embeddable":true,"href":"https:\/\/blog.polityka.pl\/szostkiewicz\/wp-json\/wp\/v2\/tags?post=727"}],"curies":[{"name":"wp","href":"https:\/\/api.w.org\/{rel}","templated":true}]}}