
{"id":73,"date":"2006-09-07T16:45:06","date_gmt":"2006-09-07T14:45:06","guid":{"rendered":"http:\/\/szostkiewicz.blog.polityka.pl\/?p=73"},"modified":"2006-09-07T16:45:06","modified_gmt":"2006-09-07T14:45:06","slug":"hanba-bohaterom","status":"publish","type":"post","link":"https:\/\/blog.polityka.pl\/szostkiewicz\/2006\/09\/07\/hanba-bohaterom\/","title":{"rendered":"Ha\u0144ba bohaterom"},"content":{"rendered":"<p>Dobrze <a href=\"http:\/\/www.polityka.pl\/polityka\/index.jsp?place=Lead05&#038;news_cat_id=8&#038;news_id=191111&#038;layout=1&#038;forum_id=6000&#038;fpage=Threads&#038;page=text\" target=\"_blank\">pisze \u017bakowski w ostatniej Polityce<\/a>: &#8222;ka\u017cdy g\u0142upi potrafi z byle powodu krzykn\u0105\u0107: >>Zawiedli wszyscy. Ha\u0144ba bohaterom!<< To nie jest \u017cadna sztuka. Ale pytanie, co dalej?\" Tekst Jacka brzmi bardzo pesymistycznie. To ostrze\u017cenie przed pe\u0142zaj\u0105cym autorytaryzmem. Ideolodzy PiS z\u017cymaj\u0105 si\u0119, \u017ce to histeria. Zobaczymy, czy kto\u015b z obozu PiS odpowie Jackowi i jak.\u00a0\u00a0\u00a0\u00a0\n\nAmerykanin Fareed Zakaria uku\u0142 termin illiberal democracy, demokracja nieliberalna, Brytyjczyk Tim Garton Ash\u00a0- \"demokratura\", dyktatura z demokratyczn\u0105 fasad\u0105. Nie mieli na my\u015bli Polski, tylko niekt\u00f3re kraje w Afryce i Azji, tak\u017ce Azji po-radzieckiej. Mo\u017cna mie\u0107 wielopartyjne wybory i inne formalne atrybuty demokracji, a \u017cy\u0107 w pa\u0144stwie kontrolowanym przez jedn\u0105 grup\u0119 polityczn\u0105. Tak si\u0119 dzieje tam, gdzie aparat pa\u0144stwowy i sektor publiczny s\u0105 pod presj\u0105: jak nie b\u0119dziecie m\u00f3wi\u0107 i robi\u0107 tak, jak m\u00f3wi i robi w\u0142adza, nasza w\u0142adza, musicie odej\u015b\u0107 ? z urz\u0119du, z medi\u00f3w publicznych, ze szk\u00f3\u0142, ze sp\u00f3\u0142ek skarbu pa\u0144stwa itd. Na zwolnione miejsca we\u017amie si\u0119 miernych ale naszych. Na masowym konformizmie wymuszonym strachem o przetrwanie w\u0142adza mo\u017ce ujecha\u0107 jaki\u015b czas, ale dok\u0105d? Nie m\u00f3wi\u0119, \u017ce ju\u017c \u017cyjemy w demokraturze, ale niebezpiecze\u0144stwo nie jest wyssane z palca.\u00a0\n<\/p>\n","protected":false},"excerpt":{"rendered":"<p>Dobrze pisze \u017bakowski w ostatniej Polityce: &#8222;ka\u017cdy g\u0142upi potrafi z byle powodu krzykn\u0105\u0107: >>Zawiedli wszyscy. Ha\u0144ba bohaterom!<\/p>\n","protected":false},"author":3,"featured_media":0,"comment_status":"open","ping_status":"open","sticky":false,"template":"","format":"standard","meta":{"footnotes":""},"categories":[1],"tags":[],"_links":{"self":[{"href":"https:\/\/blog.polityka.pl\/szostkiewicz\/wp-json\/wp\/v2\/posts\/73"}],"collection":[{"href":"https:\/\/blog.polityka.pl\/szostkiewicz\/wp-json\/wp\/v2\/posts"}],"about":[{"href":"https:\/\/blog.polityka.pl\/szostkiewicz\/wp-json\/wp\/v2\/types\/post"}],"author":[{"embeddable":true,"href":"https:\/\/blog.polityka.pl\/szostkiewicz\/wp-json\/wp\/v2\/users\/3"}],"replies":[{"embeddable":true,"href":"https:\/\/blog.polityka.pl\/szostkiewicz\/wp-json\/wp\/v2\/comments?post=73"}],"version-history":[{"count":0,"href":"https:\/\/blog.polityka.pl\/szostkiewicz\/wp-json\/wp\/v2\/posts\/73\/revisions"}],"wp:attachment":[{"href":"https:\/\/blog.polityka.pl\/szostkiewicz\/wp-json\/wp\/v2\/media?parent=73"}],"wp:term":[{"taxonomy":"category","embeddable":true,"href":"https:\/\/blog.polityka.pl\/szostkiewicz\/wp-json\/wp\/v2\/categories?post=73"},{"taxonomy":"post_tag","embeddable":true,"href":"https:\/\/blog.polityka.pl\/szostkiewicz\/wp-json\/wp\/v2\/tags?post=73"}],"curies":[{"name":"wp","href":"https:\/\/api.w.org\/{rel}","templated":true}]}}