
{"id":730,"date":"2010-11-16T23:38:41","date_gmt":"2010-11-16T22:38:41","guid":{"rendered":"http:\/\/szostkiewicz.blog.polityka.pl\/?p=730"},"modified":"2010-11-16T23:38:41","modified_gmt":"2010-11-16T22:38:41","slug":"tusk-ten-to-ma-ciezko","status":"publish","type":"post","link":"https:\/\/blog.polityka.pl\/szostkiewicz\/2010\/11\/16\/tusk-ten-to-ma-ciezko\/","title":{"rendered":"Tusk, ten to ma ci\u0119\u017cko"},"content":{"rendered":"<p class=\"MsoNormal\" style=\"margin: 0cm 0cm 10pt;\">\u00a0<\/p>\n<p class=\"MsoNormal\" style=\"margin: 0cm 0cm 10pt;\"><span style=\"line-height: 115%; font-family: \">PiS bis, light, soft, wersja 2.0\u00a0&#8211; przykry\u0142 w mediach trzylecie rz\u0105du Donalda Tuska. Jak na pierwszy dzie\u0144 \u017cywota na tym padole \u0142ez, jakim jest polityka polska, nie\u017ale. Nie przypadkiem za Kluzik-Rostkowsk\u0105 stan\u0119li skromnie pisowscy szamani Kami\u0144ski i Bielan. Co jak co, ale owijania sobie naszych telewizji wok\u00f3\u0142 palca, nauczyli si\u0119 dobrze. <\/span><\/p>\n<p class=\"MsoNormal\" style=\"margin: 0cm 0cm 10pt;\"><span style=\"line-height: 115%; font-family: \">W mediach rozkr\u0119ca si\u0119 moda na wytykanie Tuskowi, \u017ce nic nie robi, tylko gra w pi\u0142k\u0119, oraz na lamenty nad rzekomo zabetonowan\u0105 polsk\u0105 polityk\u0105. PiS bis jej na pewno nie odbetonuje. Odbetonowa\u0107 j\u0105 mo\u017ce tylko co\u015b, o czym jeszcze nie wiemy, jakie\u015b nieprzewidywalne wydarzenie, zaskakuj\u0105cy obr\u00f3t spraw publicznych, albo pojawienie si\u0119 jakiego\u015b prawdziwego talentu politycznego, kogo\u015b, kim chcia\u0142by by\u0107, ale nie b\u0119dzie ani Palikot ani Napieralski ani Olejniczak. <\/span><\/p>\n<p class=\"MsoNormal\" style=\"margin: 0cm 0cm 10pt;\"><span style=\"line-height: 115%; font-family: \">Nie ma zabetonowania, jest do\u015b\u0107 stabilne status-quo. Cz\u0119\u015bciowo dlatego, \u017ce wyborcy wol\u0105 to ni\u017c cokolwiek innego. Oni si\u0119 nauczyli, kto jest kim w\u015br\u00f3d polityk\u00f3w, i im ta wiedza jest droga, nie chc\u0105 zn\u00f3w i\u015b\u0107 do politycznej zer\u00f3wki. Wiedz\u0105 swoje. Tego na razie \u017cadne gl\u0119dzenie, \u017ce Polska jest najwa\u017cniejsza, nie przemo\u017ce. <\/span><\/p>\n<p class=\"MsoNormal\" style=\"margin: 0cm 0cm 10pt;\"><span style=\"line-height: 115%; font-family: \">Mam do premiera Tuska wiele pyta\u0144, mam te\u017c pretensje, ale jego trzylecia mu gratuluj\u0119. Chyba \u017caden z premier\u00f3w III RP nie mia\u0142 za swej kadencji takiego roku, jak ten mijaj\u0105cy: roku powodzi, Smole\u0144ska, krucjaty, \u0141odzi, pomruk\u00f3w recesji i kryzysu finans\u00f3w i jeszcze bojkotowania wynik\u00f3w demokratycznych wybor\u00f3w. <\/span><\/p>\n<p class=\"MsoNormal\" style=\"margin: 0cm 0cm 10pt;\"><span style=\"line-height: 115%; font-family: \">I Tusk da\u0142 rad\u0119. Nie da\u0142 si\u0119 wytr\u0105ci\u0107 z r\u00f3wnowagi najbardziej brutalnym napa\u015bciom. Ten ko\u0144cz\u0105cy si\u0119 rok 2010 przejdzie do anna\u0142\u00f3w. Jeszcze do ko\u0144ca nie u\u015bwiadamiamy sobie, \u017ce prawie na pewno b\u0119dzie rokiem prze\u0142omu, rokiem ,,dzia\u0142u w\u00f3d&#8221;. Mamy szcz\u0119\u015bcie, \u017ce przekraczamy t\u0119 granic\u0119 z Tuskiem u w\u0142adzy. <span style=\"mso-spacerun: yes;\">\u00a0<\/span><span style=\"mso-spacerun: yes;\">\u00a0<\/span><span style=\"mso-spacerun: yes;\">\u00a0<\/span><\/span><\/p>\n","protected":false},"excerpt":{"rendered":"<p>\u00a0 PiS bis, light, soft, wersja 2.0\u00a0&#8211; przykry\u0142 w mediach trzylecie rz\u0105du Donalda Tuska. Jak na pierwszy dzie\u0144 \u017cywota na tym padole \u0142ez, jakim jest polityka polska, nie\u017ale. Nie przypadkiem za Kluzik-Rostkowsk\u0105 stan\u0119li skromnie pisowscy szamani Kami\u0144ski i Bielan. Co jak co, ale owijania sobie naszych telewizji wok\u00f3\u0142 palca, nauczyli si\u0119 dobrze. W mediach rozkr\u0119ca [&hellip;]<\/p>\n","protected":false},"author":3,"featured_media":0,"comment_status":"open","ping_status":"open","sticky":false,"template":"","format":"standard","meta":{"footnotes":""},"categories":[1],"tags":[],"_links":{"self":[{"href":"https:\/\/blog.polityka.pl\/szostkiewicz\/wp-json\/wp\/v2\/posts\/730"}],"collection":[{"href":"https:\/\/blog.polityka.pl\/szostkiewicz\/wp-json\/wp\/v2\/posts"}],"about":[{"href":"https:\/\/blog.polityka.pl\/szostkiewicz\/wp-json\/wp\/v2\/types\/post"}],"author":[{"embeddable":true,"href":"https:\/\/blog.polityka.pl\/szostkiewicz\/wp-json\/wp\/v2\/users\/3"}],"replies":[{"embeddable":true,"href":"https:\/\/blog.polityka.pl\/szostkiewicz\/wp-json\/wp\/v2\/comments?post=730"}],"version-history":[{"count":0,"href":"https:\/\/blog.polityka.pl\/szostkiewicz\/wp-json\/wp\/v2\/posts\/730\/revisions"}],"wp:attachment":[{"href":"https:\/\/blog.polityka.pl\/szostkiewicz\/wp-json\/wp\/v2\/media?parent=730"}],"wp:term":[{"taxonomy":"category","embeddable":true,"href":"https:\/\/blog.polityka.pl\/szostkiewicz\/wp-json\/wp\/v2\/categories?post=730"},{"taxonomy":"post_tag","embeddable":true,"href":"https:\/\/blog.polityka.pl\/szostkiewicz\/wp-json\/wp\/v2\/tags?post=730"}],"curies":[{"name":"wp","href":"https:\/\/api.w.org\/{rel}","templated":true}]}}