
{"id":7310,"date":"2018-09-10T18:44:20","date_gmt":"2018-09-10T16:44:20","guid":{"rendered":"http:\/\/szostkiewicz.blog.polityka.pl\/?p=7310"},"modified":"2018-09-10T19:10:01","modified_gmt":"2018-09-10T17:10:01","slug":"tylko-zjednoczona-opozycja-przeciwko-zjednoczonej-prawicy-prawda-czy-falsz","status":"publish","type":"post","link":"https:\/\/blog.polityka.pl\/szostkiewicz\/2018\/09\/10\/tylko-zjednoczona-opozycja-przeciwko-zjednoczonej-prawicy-prawda-czy-falsz\/","title":{"rendered":"Tylko zjednoczona opozycja przeciwko zjednoczonej prawicy. Prawda czy fa\u0142sz?"},"content":{"rendered":"<p>Gdyby wybory w Polsce by\u0142y obowi\u0105zkowe, i tak wygra\u0142by PiS. Ale gdyby opozycja si\u0119 zjednoczy\u0142a, mia\u0142aby szans\u0119 nawi\u0105za\u0107 walk\u0119 ze &#8222;zjednoczon\u0105 prawic\u0105&#8221;. Tak wynika z sonda\u017cu opublikowanego przez portal <a href=\"http:\/\/ciekaweliczby.pl\/sondaz_wybory\/\" rel=\"noopener\" target=\"_blank\">Ciekawe liczby.pl<\/a>.<br \/>\n<!--more--><br \/>\nW najlepszym dla opozycji scenariuszu sytuacja wygl\u0105da\u0142aby tak: jakim\u015b cudem powstaje zjednoczony front demokratyczny z\u0142o\u017cony z PO, Nowoczesnej, PSL, nowego ugrupowania Roberta Biedronia, SLD oraz wszystkich innych partii i ruch\u00f3w lewicowych, a &#8222;wtedy szanse na pozbawienie w\u0142adzy PiS sta\u0142yby si\u0119 realne. Taki zjednoczony opozycyjny front zr\u00f3wna\u0142by si\u0119 ze Zjednoczon\u0105 Prawic\u0105 z wynikiem na poziomie 27% poparcia. Mniejszy wyb\u00f3r sprawi\u0142by jednak, \u017ce ilo\u015b\u0107 g\u0142os\u00f3w niewa\u017cnych zwi\u0119kszy\u0142aby si\u0119 z 23% do 33%&#8221;.<\/p>\n<p>Na pewno? Nie. Socjolog Jakub Bierzy\u0144ski, kt\u00f3ry nie jest sympatykiem PiS ani przymierza m\u0142odej lewicy z Kaczy\u0144skim, <a href=\"http:\/\/bierzynski.pl\/publikacje\/premia-za-jednosc-opozycji-to-mit-bez-poparcia-w-badaniach-wyborcza\/\" rel=\"noopener\" target=\"_blank\">stawia tez\u0119 przeciwn\u0105<\/a>. Premia za jedno\u015b\u0107 to mit.<\/p>\n<p>To jak pokona\u0107 PiS, je\u015bli to ma by\u0107 celem opozycji, bez zjednoczenia? Zjednoczy\u0107 lewic\u0119. W jego opinii zjednoczenie lewicy nie zaszkodzi opozycji liberalnej, za to zach\u0119ci do g\u0142osowania tych, kt\u00f3rzy nie chc\u0105 g\u0142osowa\u0107 ani na PiS, ani na PO z przystawkami. Bo maj\u0105 wyb\u00f3r, kt\u00f3rego nie mieliby przy &#8222;zjednoczeniu demokratycznym&#8221;.<\/p>\n<p>Bierzy\u0144ski promuje Roberta Biedronia jako lidera tej zmiany: &#8222;Bo im silniejsza pozycja Biedronia, tym wi\u0119ksze szanse na zjednoczenie lewicy \u2013 a to z kolei jest podstawowy warunek odsuni\u0119cia PiS od w\u0142adzy, czyli realizacji strategicznego celu ca\u0142ej opozycji&#8221;.<\/p>\n<p>Oba materia\u0142y powinny by\u0107 przedmiotem analiz sztab\u00f3w wyborczych opozycji. No i oczywi\u015bcie indywidualnych wyborc\u00f3w, dla kt\u00f3rych takie materia\u0142y powstaj\u0105. Nie przes\u0105dzajmy, jaki ma by\u0107 ich praktyczny skutek, ale zg\u00f3d\u017amy si\u0119, \u017ce skoro uwa\u017camy, i\u017c nadchodz\u0105ca seria wybor\u00f3w mo\u017ce albo utrwali\u0107 panowanie &#8222;zjednoczonej prawicy&#8221; na polskiej scenie politycznej, i to na d\u0142ugo, albo stworzy\u0107 szans\u0119 na zako\u0144czenie tego panowania, czyli odsuni\u0119cie PiS z przybud\u00f3wkami od w\u0142adzy, to nie mo\u017cemy kierowa\u0107 si\u0119 tylko emocjami, lecz przede wszystkim ch\u0142odn\u0105 kalkulacj\u0105 polityczn\u0105.<\/p>\n<p>Na razie najpowa\u017cniejszym aktorem dramatu polskiej polityki po stronie konstytucyjno-demokratycznej pozostaje Platforma. Ale sama nie da rady, nawet razem z Nowoczesn\u0105 i od\u0142amem Inicjatywy Polskiej, prze\u0142ama\u0107 dominacji Kaczy\u0144skiego. Zjednoczony front demokratyczny, o jakim mowa w sonda\u017cu, jest fikcj\u0105. Czekanie za\u015b na polskiego Macrona jest pobo\u017cnym \u017cyczeniem z twarz\u0105 Biedronia.<\/p>\n<p>Dla mnie g\u0142osowanie na KO, zw\u0142aszcza po akcesji Barbary Nowackiej, nie jest wyrzutem sumienia, tylko wyborem pragmatycznym. Ale projektowi &#8222;Biedro\u0144&#8221; \u017ale nie \u017cycz\u0119, byle od s\u0142\u00f3w umia\u0142 przej\u015b\u0107 do ci\u0119\u017ckiej roboty organizacyjnej. My\u015blmy. Zegar polskiej historii tyka coraz g\u0142o\u015bniej.<\/p>\n","protected":false},"excerpt":{"rendered":"<p>My\u015blmy. Zegar polskiej historii tyka coraz g\u0142o\u015bniej.<\/p>\n","protected":false},"author":3,"featured_media":7315,"comment_status":"open","ping_status":"closed","sticky":false,"template":"","format":"standard","meta":{"footnotes":""},"categories":[1],"tags":[],"_links":{"self":[{"href":"https:\/\/blog.polityka.pl\/szostkiewicz\/wp-json\/wp\/v2\/posts\/7310"}],"collection":[{"href":"https:\/\/blog.polityka.pl\/szostkiewicz\/wp-json\/wp\/v2\/posts"}],"about":[{"href":"https:\/\/blog.polityka.pl\/szostkiewicz\/wp-json\/wp\/v2\/types\/post"}],"author":[{"embeddable":true,"href":"https:\/\/blog.polityka.pl\/szostkiewicz\/wp-json\/wp\/v2\/users\/3"}],"replies":[{"embeddable":true,"href":"https:\/\/blog.polityka.pl\/szostkiewicz\/wp-json\/wp\/v2\/comments?post=7310"}],"version-history":[{"count":3,"href":"https:\/\/blog.polityka.pl\/szostkiewicz\/wp-json\/wp\/v2\/posts\/7310\/revisions"}],"predecessor-version":[{"id":7314,"href":"https:\/\/blog.polityka.pl\/szostkiewicz\/wp-json\/wp\/v2\/posts\/7310\/revisions\/7314"}],"wp:featuredmedia":[{"embeddable":true,"href":"https:\/\/blog.polityka.pl\/szostkiewicz\/wp-json\/wp\/v2\/media\/7315"}],"wp:attachment":[{"href":"https:\/\/blog.polityka.pl\/szostkiewicz\/wp-json\/wp\/v2\/media?parent=7310"}],"wp:term":[{"taxonomy":"category","embeddable":true,"href":"https:\/\/blog.polityka.pl\/szostkiewicz\/wp-json\/wp\/v2\/categories?post=7310"},{"taxonomy":"post_tag","embeddable":true,"href":"https:\/\/blog.polityka.pl\/szostkiewicz\/wp-json\/wp\/v2\/tags?post=7310"}],"curies":[{"name":"wp","href":"https:\/\/api.w.org\/{rel}","templated":true}]}}