
{"id":7362,"date":"2018-09-22T19:59:07","date_gmt":"2018-09-22T17:59:07","guid":{"rendered":"http:\/\/szostkiewicz.blog.polityka.pl\/?p=7362"},"modified":"2018-09-22T22:38:47","modified_gmt":"2018-09-22T20:38:47","slug":"kolejne-ostrzezenie-w-sprawie-polexitu","status":"publish","type":"post","link":"https:\/\/blog.polityka.pl\/szostkiewicz\/2018\/09\/22\/kolejne-ostrzezenie-w-sprawie-polexitu\/","title":{"rendered":"Kolejne ostrze\u017cenie w sprawie polexitu"},"content":{"rendered":"<p>W sonda\u017cach wci\u0105\u017c zdecydowana wi\u0119kszo\u015b\u0107 Polak\u00f3w chce by\u0107 w Unii Europejskiej. Ale czy to znaczy, \u017ce nasze cz\u0142onkostwo w UE jest bezpieczne? Niestety, nie mo\u017cemy by\u0107 tego pewni, i dlatego tak\u017ce w tej sprawie musimy patrze\u0107 na r\u0119ce obecnej w\u0142adzy.<br \/>\n<!--more--><br \/>\nPolexit mo\u017ce si\u0119 zdarzy\u0107 po wyborach powszechnych wygranych zn\u00f3w przez PiS. Unia pa\u0144stw narodowych \u2013 tak, Unia warto\u015bci europejskich \u2013 raczej nie. Tak patrzy na nasze cz\u0142onkostwo spora cz\u0119\u015b\u0107 Polak\u00f3w ponad r\u00f3\u017cnicami wieku, zamo\u017cno\u015bci i wykszta\u0142cenia.<\/p>\n<p>Na stronie Fundacji Batorego pojawi\u0142 si\u0119 <a href=\"http:\/\/www.batory.org.pl\/upload\/files\/Programy%20operacyjne\/Forum%20Idei\/Unia%20europejskich%20wartosci_Internet.pdf\" rel=\"noopener\" target=\"_blank\">raport<\/a> z bada\u0144 socjologicznych Joanny Koniecznej-Salamatin (UW) na temat stosunku Polak\u00f3w do &#8222;warto\u015bci europejskich&#8221;. Ciekawy cho\u0107by dlatego, \u017ce zwykle bada si\u0119, jak Polacy widz\u0105 cz\u0142onkostwo w UE w kontek\u015bcie korzy\u015bci ekonomicznych.<\/p>\n<p>A przecie\u017c na funduszach Unia si\u0119 nie ko\u0144czy, tak samo jak polska polityka nie ko\u0144czy si\u0119 na r\u00f3\u017cnych 500 plus. &#8222;Zjednoczona prawica&#8221; dosz\u0142a do w\u0142adzy m.in. dlatego, \u017ce uwiod\u0142a cz\u0119\u015b\u0107 Polak\u00f3w retoryk\u0105 &#8222;wstawania z kolan&#8221;.<\/p>\n<p>Powstaje pytanie: czy Polska, kt\u00f3ra &#8222;wsta\u0142a z kolan&#8221;, potrzebuje jeszcze &#8222;wyimaginowanej wsp\u00f3lnoty&#8221;, czyli UE? S\u0142uchaj\u0105c pisowskich lider\u00f3w, Kaczy\u0144skiego, Dudy, Morawieckiego, trudno oprze\u0107 si\u0119 wra\u017ceniu, \u017ce ju\u017c Unii Polska nie potrzebuje. A skoro tak, to obecna w\u0142adza mo\u017ce gdzie\u015b w ciszy gabinet\u00f3w ju\u017c szykowa\u0107 scenariusz polexitu.<\/p>\n<p>Im gor\u0119cej Kaczy\u0144ski zapewnia na partyjnych zjazdach, \u017ce chce zosta\u0107 w Unii, tym bardziej mo\u017cna si\u0119 niepokoi\u0107 o przysz\u0142o\u015b\u0107. Ta w\u0142adza mija si\u0119 z prawd\u0105 codziennie i notorycznie wysy\u0142a sprzeczne komunikaty. Jest za, a nawet przeciw.<\/p>\n<p>W podsumowaniu raportu czytamy, \u017ce zaufanie Polak\u00f3w do UE jako instytucji w ostatnich lata spada (obecnie 46 proc.). Szczeg\u00f3lnie niepokoj\u0105ce jest ustalenie, \u017ce Polacy ufaj\u0105cy obecnej w\u0142adzy nie ufaj\u0105 UE. Retoryka antyunijna zaczyna przynosi\u0107 z\u0142e owoce.<\/p>\n<p>Cz\u0142onkostwo w UE staje si\u0119 jednym z punkt\u00f3w sporu politycznego w\u015br\u00f3d Polak\u00f3w, a nie kwesti\u0105 ponad tym sporem, tak jak by\u0142o w pierwszych latach po wst\u0105pieniu Polski do Unii. Teraz sympatycy PiS coraz cz\u0119\u015bciej uwa\u017caj\u0105, \u017ce maj\u0105 &#8222;patriotyczny&#8221; obowi\u0105zek podwa\u017cania naszego cz\u0142onkostwa w Unii. Tak samo mog\u0105 odbiera\u0107 przekaz na ten temat p\u0142yn\u0105cy z Ko\u015bcio\u0142a.<\/p>\n<p>Badanie pokazuje, \u017ce warto\u015bci wyznawane przez Polak\u00f3w, zw\u0142aszcza niejasny stosunek do demokracji i przywi\u0105zanie do tradycji, a w jej ramach do religijno\u015bci, maj\u0105 wp\u0142yw na stosunek cz\u0119\u015bci spo\u0142ecze\u0144stwa do UE. Tak\u017ce negatywny.<\/p>\n<p>Jest wi\u0119c realny grunt pod urabianie Polak\u00f3w za wyst\u0105pieniem naszego kraju z Unii. Reszta to kwestia decyzji politycznej rz\u0105dz\u0105cych. Dzi\u015b jeszcze nie, ale kto wie, co b\u0119dzie w nast\u0119pnej kadencji, je\u015bli &#8222;zjednoczona prawica&#8221; umocni si\u0119 u w\u0142adzy. I tylko nie m\u00f3wmy, \u017ce nas nie ostrzegano.<\/p>\n","protected":false},"excerpt":{"rendered":"<p>Im gor\u0119cej Kaczy\u0144ski zapewnia na partyjnych zjazdach, \u017ce chce zosta\u0107 w Unii, tym bardziej mo\u017cna si\u0119 niepokoi\u0107 o przysz\u0142o\u015b\u0107.<\/p>\n","protected":false},"author":3,"featured_media":7368,"comment_status":"open","ping_status":"closed","sticky":false,"template":"","format":"standard","meta":{"footnotes":""},"categories":[1],"tags":[],"_links":{"self":[{"href":"https:\/\/blog.polityka.pl\/szostkiewicz\/wp-json\/wp\/v2\/posts\/7362"}],"collection":[{"href":"https:\/\/blog.polityka.pl\/szostkiewicz\/wp-json\/wp\/v2\/posts"}],"about":[{"href":"https:\/\/blog.polityka.pl\/szostkiewicz\/wp-json\/wp\/v2\/types\/post"}],"author":[{"embeddable":true,"href":"https:\/\/blog.polityka.pl\/szostkiewicz\/wp-json\/wp\/v2\/users\/3"}],"replies":[{"embeddable":true,"href":"https:\/\/blog.polityka.pl\/szostkiewicz\/wp-json\/wp\/v2\/comments?post=7362"}],"version-history":[{"count":4,"href":"https:\/\/blog.polityka.pl\/szostkiewicz\/wp-json\/wp\/v2\/posts\/7362\/revisions"}],"predecessor-version":[{"id":7366,"href":"https:\/\/blog.polityka.pl\/szostkiewicz\/wp-json\/wp\/v2\/posts\/7362\/revisions\/7366"}],"wp:featuredmedia":[{"embeddable":true,"href":"https:\/\/blog.polityka.pl\/szostkiewicz\/wp-json\/wp\/v2\/media\/7368"}],"wp:attachment":[{"href":"https:\/\/blog.polityka.pl\/szostkiewicz\/wp-json\/wp\/v2\/media?parent=7362"}],"wp:term":[{"taxonomy":"category","embeddable":true,"href":"https:\/\/blog.polityka.pl\/szostkiewicz\/wp-json\/wp\/v2\/categories?post=7362"},{"taxonomy":"post_tag","embeddable":true,"href":"https:\/\/blog.polityka.pl\/szostkiewicz\/wp-json\/wp\/v2\/tags?post=7362"}],"curies":[{"name":"wp","href":"https:\/\/api.w.org\/{rel}","templated":true}]}}