
{"id":74,"date":"2006-09-10T15:05:02","date_gmt":"2006-09-10T13:05:02","guid":{"rendered":"http:\/\/szostkiewicz.blog.polityka.pl\/?p=74"},"modified":"2006-09-10T15:05:02","modified_gmt":"2006-09-10T13:05:02","slug":"willa-decjusza","status":"publish","type":"post","link":"https:\/\/blog.polityka.pl\/szostkiewicz\/2006\/09\/10\/willa-decjusza\/","title":{"rendered":"Willa Decjusza"},"content":{"rendered":"<p>Decjusz by\u0142 Niemcem, sekretarzem naszego kr\u00f3la Zygmunta Starego, i ,,Grabskim&#8221; \u00f3wczesnej Rzeczpospolitej &#8211; reformowa\u0142 nam monet\u0119. W Krakowie postawi\u0142 pi\u0119kny renesansowy pa\u0142acyk, otoczony parkiem, w dzisiejszej dzielnicy Wola Justowska &#8211; ow\u0105 will\u0119, kt\u00f3ra sz\u0142a w kompletn\u0105 ruin\u0119 w PRL. W III RP \u00f3wczesny prezydent Krakowa, prof. Jacek Wo\u017aniakowski, nam\u00f3wi\u0142 niemieckiego przyjaciela Polski i t\u0142umacza naszej literatury, pana Dedeciusa (pewne podobie\u0144stwo nazwisk przypadkowe), \u017ceby poszuka\u0142 w Niemczech jakich\u015b bogaczy, kt\u00f3rzy wy\u0142o\u017c\u0105 pieni\u0105dze na remont, a w\u0142a\u015bciwie ratunek obiektu klasy europejskiej. I tak si\u0119 sta\u0142o. Willa \u015bwi\u0119towa\u0142a w\u0142a\u015bnie 10-lecie odbudowy i dzia\u0142alno\u015bci stowarzyszenia kulturalnego, kt\u00f3re ma teraz w niej siedzib\u0119. Stowarzyszenie robi dobr\u0105 robot\u0119 edukacyjno-kulturaln\u0105 na skal\u0119 mi\u0119dzynarodow\u0105, a Willa dorabia na utrzymanie wynajmem sal na wesela i imprezy. Na okr\u0105g\u0142y jubileusz zorganizowano seri\u0119 dyskusji o demokracji, spo\u0142ecze\u0144stwie wielokulturowym, roli polityk\u00f3w i inteligencji. Prowadzi\u0142em jedn\u0105 z nich &#8211; bardzo interesuj\u0105c\u0105. Mia\u0142a charakter kameralny, wi\u0119c nazwisk, powszechnie znanych, nie podaj\u0119.W panelu bra\u0142 udzia\u0142 polityk o wielkich zas\u0142ugach, osoba historyczna, ale zupe\u0142nie nie histeryczna. Jestem na pograniczu emigracji wewn\u0119trznej &#8211; powiedzia\u0142 i zrobi\u0142o si\u0119 bardzo cicho. Poczucie zwyci\u0119stwa, jakie mieli Polacy po 1989 r., zamieniono ostatnio w poczucie kl\u0119ski, co uwa\u017cam za niesamowicie szkodliwe i gro\u017ane. Martwi mnie aprobata spo\u0142eczna dla sta\u0142ego obni\u017cania standard\u00f3w \u017cycia publicznego. Ta zgoda na chamstwo i \u0142obuzerstwo to jest podk\u0142ad pod niszczenie demokracji. Faszyzmu si\u0119 nie obawiam, ale trwa\u0142ego wypaczenia demokracji w Polsce &#8211; tak.<\/p>\n<p>PS.<\/p>\n<p>1.Tego samego dnia czytam w prasie, \u017ce nacjonali\u015bci wnioskuj\u0105 o cofni\u0119cie przywileju wyborczego mniejszo\u015bci niemieckiej, a premier ich pono\u0107 popiera. My\u015bl\u0119, \u017ce to zemsta na Kuroniu &#8211; autorze tolerancyjnej ustawy o mniejszo\u015bciach narodowych. Jeszcze jeden przyk\u0142ad obecnej degrengolady polityki polskiej.<\/p>\n<p>2. Kto\u015b docieka, czy czyta\u0142em ,,Strach&#8221; J.T. Grossa. Przed rozmow\u0105 dla Polityki (zob. <a href=\"http:\/\/www.polityka.pl\/polityka\/index.jsp?place=Lead06&#038;news_cat_id=483&#038;news_id=185572&#038;layout=1&#038;forum_id=5280&#038;fpage=Threads&#038;page=text\">Strach polski, strach \u017cydowski<\/a>) wypo\u017cyczy\u0142em egzemplarz w Krakowie od autora, skserowa\u0142em i przeczyta\u0142em od deski do deski, cho\u0107 lektura jest tak pora\u017caj\u0105ca, jak ,,S\u0105siad\u00f3w&#8221;. To raczej polscy krytycy Grossa pot\u0119piaj\u0105 go bez czytania, a potem okazuje si\u0119, \u017ce jednak pisa\u0142 prawd\u0119.<\/p>\n","protected":false},"excerpt":{"rendered":"<p>Decjusz by\u0142 Niemcem, sekretarzem naszego kr\u00f3la Zygmunta Starego, i ,,Grabskim&#8221; \u00f3wczesnej Rzeczpospolitej &#8211; reformowa\u0142 nam monet\u0119. W Krakowie postawi\u0142 pi\u0119kny renesansowy pa\u0142acyk, otoczony parkiem, w dzisiejszej dzielnicy Wola Justowska &#8211; ow\u0105 will\u0119, kt\u00f3ra sz\u0142a w kompletn\u0105 ruin\u0119 w PRL. W III RP \u00f3wczesny prezydent Krakowa, prof. Jacek Wo\u017aniakowski, nam\u00f3wi\u0142 niemieckiego przyjaciela Polski i t\u0142umacza naszej [&hellip;]<\/p>\n","protected":false},"author":3,"featured_media":0,"comment_status":"open","ping_status":"open","sticky":false,"template":"","format":"standard","meta":{"footnotes":""},"categories":[1],"tags":[],"_links":{"self":[{"href":"https:\/\/blog.polityka.pl\/szostkiewicz\/wp-json\/wp\/v2\/posts\/74"}],"collection":[{"href":"https:\/\/blog.polityka.pl\/szostkiewicz\/wp-json\/wp\/v2\/posts"}],"about":[{"href":"https:\/\/blog.polityka.pl\/szostkiewicz\/wp-json\/wp\/v2\/types\/post"}],"author":[{"embeddable":true,"href":"https:\/\/blog.polityka.pl\/szostkiewicz\/wp-json\/wp\/v2\/users\/3"}],"replies":[{"embeddable":true,"href":"https:\/\/blog.polityka.pl\/szostkiewicz\/wp-json\/wp\/v2\/comments?post=74"}],"version-history":[{"count":0,"href":"https:\/\/blog.polityka.pl\/szostkiewicz\/wp-json\/wp\/v2\/posts\/74\/revisions"}],"wp:attachment":[{"href":"https:\/\/blog.polityka.pl\/szostkiewicz\/wp-json\/wp\/v2\/media?parent=74"}],"wp:term":[{"taxonomy":"category","embeddable":true,"href":"https:\/\/blog.polityka.pl\/szostkiewicz\/wp-json\/wp\/v2\/categories?post=74"},{"taxonomy":"post_tag","embeddable":true,"href":"https:\/\/blog.polityka.pl\/szostkiewicz\/wp-json\/wp\/v2\/tags?post=74"}],"curies":[{"name":"wp","href":"https:\/\/api.w.org\/{rel}","templated":true}]}}