
{"id":75,"date":"2006-09-12T20:32:23","date_gmt":"2006-09-12T18:32:23","guid":{"rendered":"http:\/\/szostkiewicz.blog.polityka.pl\/?p=75"},"modified":"2006-09-12T20:34:39","modified_gmt":"2006-09-12T18:34:39","slug":"syndrom-sztokholmski","status":"publish","type":"post","link":"https:\/\/blog.polityka.pl\/szostkiewicz\/2006\/09\/12\/syndrom-sztokholmski\/","title":{"rendered":"Syndrom sztokholmski"},"content":{"rendered":"<p>&#8222;Halina&#8221; mnie dobi\u0142a. Nie przysz\u0142oby mi do g\u0142owy, \u017ceby w wizycie prezydenta w Izraelu widzie\u0107 wyjazd po odbi\u00f3r instrukcji z centrali syjonizmu. Co to jest z nami, \u017ce takie brednie maj\u0105 u nas branie? Jak si\u0119 potem dziwi\u0107, \u017ce nie ma mowy, by da\u0142o si\u0119 z sensem dyskutowa\u0107 o na przyk\u0142ad o &#8222;Strachu&#8221;. Kto\u015b mi imputuje, \u017ce ja si\u0119 boj\u0119 dyskutowa\u0107 z Grossem, bo mnie oskar\u017c\u0105 o antysemityzm. A ja po prostu chc\u0119 najpierw zrozumie\u0107, o co chodzi Grossowi\u00a0&#8211; bez \u017cadnej z g\u00f3ry powzi\u0119tej tezy.<\/p>\n<p>Czy to tak trudno zrozumie\u0107, \u017ce istnieje bezinteresowna, apolityczna ciekawo\u015b\u0107 poznawcza? \u017be w\u015br\u00f3d r\u00f3\u017cnych form dziennikarskich jest te\u017c miejsce na taki wywiad, kt\u00f3ry nie musi od razu dawa\u0107 odporu? Jasne, to nie jest szko\u0142a &#8222;Naszego dziennika&#8221;\u00a0&#8211; szczerbcem po oczach &#8211; ale na szcz\u0119\u015bcie na tej gazecie jeszcze si\u0119 u nas prasa nie ko\u0144czy. Nie id\u0119 do Grossa ani \u017ceby mu do\u0142o\u017cy\u0107, ani \u017ceby mu kadzi\u0107, ani \u017ceby w\u0119szy\u0107 spisek i zmow\u0119, tylko \u017ceby zwyczajnie wys\u0142ucha\u0107, co ma do powiedzenia jako autor. Chyba \u017ale si\u0119 sta\u0142o, \u017ce &#8222;Strachu&#8221; jeszcze tak d\u0142ugo nie b\u0119dzie po polsku. Jak si\u0119 wreszcie uka\u017ce, wr\u00f3cimy do tematu.<\/p>\n<p>Wczoraj min\u0119\u0142a pi\u0105ta rocznica atak\u00f3w na Ameryk\u0119. Jest taka ciekawa polityczna gazeta internetowa <a href=\"http:\/\/www.opendemocracy.net\/\">www.openDemocracy.net<\/a>, kt\u00f3ra\u00a0rozpisa\u0142a ankiet\u0119 na pi\u0119ciolecie 9\/11. Poprosili i mnie o wypowied\u017a\u00a0&#8211; czego mnie 11 wrze\u015bnia nauczy\u0142? Dobre pytanie, pomy\u015bla\u0142em. Proste, bez \u017cadnej ukrytej czy jawnej tezy. Odpowiedzia\u0142em, \u017ce przede wszystkim tego, jak krucha jest demokracja i nasza cywilizacja high-tech, i tego, jak wielu\u00a0obywateli tego wolnego, demokratycznego, zamo\u017cnego \u015bwiata mo\u017ce o nim my\u015ble\u0107 a\u017c tak \u017ale, \u017ceby si\u0119 cieszy\u0107, \u017ce &#8222;Ameryka wreszcie dosta\u0142a za swoje&#8221;. Troch\u0119 to przypomina jaki\u015b gigantyczny syndrom sztokholmski &#8211; ofiary ataku przyznaj\u0105 racj\u0119 napastnikom, jakby nie widz\u0105c, \u017ce ich to nie uratuje, bo napastnicy gardz\u0105 te\u017c nimi.<\/p>\n","protected":false},"excerpt":{"rendered":"<p>&#8222;Halina&#8221; mnie dobi\u0142a. Nie przysz\u0142oby mi do g\u0142owy, \u017ceby w wizycie prezydenta w Izraelu widzie\u0107 wyjazd po odbi\u00f3r instrukcji z centrali syjonizmu. Co to jest z nami, \u017ce takie brednie maj\u0105 u nas branie? Jak si\u0119 potem dziwi\u0107, \u017ce nie ma mowy, by da\u0142o si\u0119 z sensem dyskutowa\u0107 o na przyk\u0142ad o &#8222;Strachu&#8221;. Kto\u015b mi [&hellip;]<\/p>\n","protected":false},"author":3,"featured_media":0,"comment_status":"open","ping_status":"open","sticky":false,"template":"","format":"standard","meta":{"footnotes":""},"categories":[1],"tags":[],"_links":{"self":[{"href":"https:\/\/blog.polityka.pl\/szostkiewicz\/wp-json\/wp\/v2\/posts\/75"}],"collection":[{"href":"https:\/\/blog.polityka.pl\/szostkiewicz\/wp-json\/wp\/v2\/posts"}],"about":[{"href":"https:\/\/blog.polityka.pl\/szostkiewicz\/wp-json\/wp\/v2\/types\/post"}],"author":[{"embeddable":true,"href":"https:\/\/blog.polityka.pl\/szostkiewicz\/wp-json\/wp\/v2\/users\/3"}],"replies":[{"embeddable":true,"href":"https:\/\/blog.polityka.pl\/szostkiewicz\/wp-json\/wp\/v2\/comments?post=75"}],"version-history":[{"count":0,"href":"https:\/\/blog.polityka.pl\/szostkiewicz\/wp-json\/wp\/v2\/posts\/75\/revisions"}],"wp:attachment":[{"href":"https:\/\/blog.polityka.pl\/szostkiewicz\/wp-json\/wp\/v2\/media?parent=75"}],"wp:term":[{"taxonomy":"category","embeddable":true,"href":"https:\/\/blog.polityka.pl\/szostkiewicz\/wp-json\/wp\/v2\/categories?post=75"},{"taxonomy":"post_tag","embeddable":true,"href":"https:\/\/blog.polityka.pl\/szostkiewicz\/wp-json\/wp\/v2\/tags?post=75"}],"curies":[{"name":"wp","href":"https:\/\/api.w.org\/{rel}","templated":true}]}}