
{"id":7633,"date":"2018-11-10T23:09:27","date_gmt":"2018-11-10T22:09:27","guid":{"rendered":"http:\/\/szostkiewicz.blog.polityka.pl\/?p=7633"},"modified":"2018-11-10T23:32:58","modified_gmt":"2018-11-10T22:32:58","slug":"tusk-i-morawiecki-na-stulecie-niepodleglosci","status":"publish","type":"post","link":"https:\/\/blog.polityka.pl\/szostkiewicz\/2018\/11\/10\/tusk-i-morawiecki-na-stulecie-niepodleglosci\/","title":{"rendered":"Tusk i Morawiecki na stulecie niepodleg\u0142o\u015bci"},"content":{"rendered":"<p>Klas\u0119 polityka poznaje si\u0119 te\u017c po przem\u00f3wieniach. Na stulecie odzyskania niepodleg\u0142o\u015bci premier Morawiecki uraczy\u0142 nas ci\u0119\u017ckostrawnym kotletem patriotycznym, za to by\u0142y premier Tusk zamiast frazes\u00f3w zaproponowa\u0142 w \u0141odzi refleksj\u0119 o przysz\u0142o\u015bci pa\u0144stwa polskiego w epoce populistycznych nacjonalizm\u00f3w.<br \/>\n<!--more--><br \/>\nMorawiecki sprowadzi\u0142 pa\u0144stwo do roli wielkiej nia\u0144ki troszcz\u0105cej si\u0119 o poziom \u017cycia polskich rodzin. Tusk przypomnia\u0142, \u017ce pa\u0144stwo ma przede wszystkim za zadanie chroni\u0107 prawa i swobody obywatelskie, bezpiecze\u0144stwo spo\u0142ecze\u0144stwa, miejsce Polski w Europie. Rozumie, \u017ce od rozwoju i poprawy stopy \u017cycia s\u0105 ministrowie.<\/p>\n<p>Morawiecki powt\u00f3rzy\u0142 znowu, na u\u017cytek propagandowy, \u017ce miejsce Polski jest w Unii Europejskiej, a obecna w\u0142adza chce si\u0119 w\u0142\u0105czy\u0107 do jej reformowania. Im cz\u0119\u015bciej PiS reklamuje si\u0119 jako partia proeuropejska, tym silniejsze jest podejrzenie, \u017ce szykuje si\u0119 do wyprowadzenia Polski z Unii i zwi\u0105zania jej z Trumpem, a p\u00f3\u017aniej niech nas B\u00f3g ma w opiece.<\/p>\n<p>Tusk przypomnia\u0142 antyunijne wypowiedzi lider\u00f3w obecnej w\u0142adzy. S\u0142ynn\u0105 &#8222;wyimaginowan\u0105 wsp\u00f3lnot\u0119&#8221; prezydenta Dudy. Spojrza\u0142 na nasz\u0105 histori\u0119 realistycznie. By\u0142y wzloty i by\u0142y upadki. Niepodleg\u0142o\u015b\u0107 nie jest dana raz na zawsze.<\/p>\n<p>Morawiecki w\u015br\u00f3d ojc\u00f3w polskiej niepodleg\u0142o\u015bci nie wymieni\u0142 Lecha Wa\u0142\u0119sy. Tusk przeciwnie. Odda\u0142 mu historyczn\u0105 zas\u0142ug\u0119 poprowadzenia ruchu pierwszej Solidarno\u015bci. Obaj nie wspomnieli o Ko\u015bciele. To b\u0142\u0105d, bo jednak obaj s\u0105 historykami i dobre s\u0142owo w kontek\u015bcie polskich stara\u0144 o niepodleg\u0142o\u015b\u0107 Ko\u015bcio\u0142owi si\u0119 nale\u017cy.<\/p>\n<p>\u0141\u00f3dzki wyk\u0142ad Tuska przewy\u017csza\u0142 retorycznie i merytorycznie odfajkowane wyst\u0105pienie Morawieckiego. Tusk ze swym do\u015bwiadczeniem szefa Rady Europejskiej ma potencja\u0142 m\u0119\u017ca stanu. Nie musi by\u0107 jeszcze raz premierem, a nawet prezydentem, by dalej s\u0142u\u017cy\u0107 z po\u017cytkiem Polsce.<\/p>\n<p>I chyba si\u0119 nie kwapi do obejmowania urz\u0119d\u00f3w. Tak mo\u017cna rozumie\u0107 jego s\u0142owa, \u017ce na bia\u0142ym koniu nikt Polski ratowa\u0107 nie przyjedzie. I przywo\u0142anie has\u0142a Jacka Kuronia, \u017ceby zamiast podpala\u0107 komitety, zak\u0142ada\u0107 w\u0142asne. Tusk ma racj\u0119, a nie Morawiecki. W dzisiejszym \u015bwiecie pa\u0144stwo, kt\u00f3re dzieli w\u0142asnych obywateli na &#8222;sorty&#8221;, nie ma wielkich widok\u00f3w na przysz\u0142o\u015b\u0107. Sama retoryka o dumie, sile i godno\u015bci nie zwi\u0119kszy naszej si\u0142y gospodarczej.<\/p>\n<p>Tak samo interwencjonizm pa\u0144stwowy i nacjonalizm gospodarczy nie daj\u0105 \u017cadnej gwarancji zr\u00f3wnowa\u017conego rozwoju kraju. Wa\u017cniejszy jest kapita\u0142 spo\u0142eczny, zaufanie spo\u0142ecze\u0144stwa do bezstronnego i przyjaznego pa\u0144stwa,\u00a0szacunek dla sprawiedliwego prawa, zdolno\u015b\u0107 do dialogu i wsp\u00f3\u0142pracy ponad sympatiami partyjnymi.<\/p>\n","protected":false},"excerpt":{"rendered":"<p>Wyk\u0142ad Tuska przewy\u017csza\u0142 retorycznie i merytorycznie odfajkowane wyst\u0105pienie Morawieckiego.<\/p>\n","protected":false},"author":3,"featured_media":7637,"comment_status":"open","ping_status":"closed","sticky":false,"template":"","format":"standard","meta":{"footnotes":""},"categories":[1],"tags":[],"_links":{"self":[{"href":"https:\/\/blog.polityka.pl\/szostkiewicz\/wp-json\/wp\/v2\/posts\/7633"}],"collection":[{"href":"https:\/\/blog.polityka.pl\/szostkiewicz\/wp-json\/wp\/v2\/posts"}],"about":[{"href":"https:\/\/blog.polityka.pl\/szostkiewicz\/wp-json\/wp\/v2\/types\/post"}],"author":[{"embeddable":true,"href":"https:\/\/blog.polityka.pl\/szostkiewicz\/wp-json\/wp\/v2\/users\/3"}],"replies":[{"embeddable":true,"href":"https:\/\/blog.polityka.pl\/szostkiewicz\/wp-json\/wp\/v2\/comments?post=7633"}],"version-history":[{"count":7,"href":"https:\/\/blog.polityka.pl\/szostkiewicz\/wp-json\/wp\/v2\/posts\/7633\/revisions"}],"predecessor-version":[{"id":7641,"href":"https:\/\/blog.polityka.pl\/szostkiewicz\/wp-json\/wp\/v2\/posts\/7633\/revisions\/7641"}],"wp:featuredmedia":[{"embeddable":true,"href":"https:\/\/blog.polityka.pl\/szostkiewicz\/wp-json\/wp\/v2\/media\/7637"}],"wp:attachment":[{"href":"https:\/\/blog.polityka.pl\/szostkiewicz\/wp-json\/wp\/v2\/media?parent=7633"}],"wp:term":[{"taxonomy":"category","embeddable":true,"href":"https:\/\/blog.polityka.pl\/szostkiewicz\/wp-json\/wp\/v2\/categories?post=7633"},{"taxonomy":"post_tag","embeddable":true,"href":"https:\/\/blog.polityka.pl\/szostkiewicz\/wp-json\/wp\/v2\/tags?post=7633"}],"curies":[{"name":"wp","href":"https:\/\/api.w.org\/{rel}","templated":true}]}}