
{"id":77,"date":"2006-09-15T09:56:14","date_gmt":"2006-09-15T07:56:14","guid":{"rendered":"http:\/\/szostkiewicz.blog.polityka.pl\/?p=77"},"modified":"2006-09-15T09:56:14","modified_gmt":"2006-09-15T07:56:14","slug":"czarny-czwartek","status":"publish","type":"post","link":"https:\/\/blog.polityka.pl\/szostkiewicz\/2006\/09\/15\/czarny-czwartek\/","title":{"rendered":"Czarny czwartek"},"content":{"rendered":"<p>Nie mo\u017cna dalej o Dylanie, niestety. Czarny czwartek: prof. Majchrowski, prezydent Krakowa, m\u00f3wi przed kamerami: tak zaczyna si\u0119 faszyzm. Chodzi mu o metody walki politycznej\u00a0&#8211; zbieranie &#8222;kwit\u00f3w&#8221;, podejrzenie o pods\u0142uch. Majchrowski chce si\u0119 ubiega\u0107 o drug\u0105 kadencj\u0119. Twierdzi, \u017ce szef policji w Ma\u0142opolsce musia\u0142 odej\u015b\u0107, bo nie chcia\u0142 si\u0119 zgodzi\u0107 na za\u0142o\u017cenie pods\u0142uchu Majchrowskiemu.<\/p>\n<p>W &#8222;Co z t\u0105 Polsk\u0105&#8221; prof. Balcerowicz m\u00f3wi o &#8222;bolszewickiej szczero\u015bci&#8221; w kontek\u015bcie komisji \u015bledczej bankowej, kt\u00f3ra ze wzgl\u0119du na wybory samorz\u0105dowe nie b\u0119dzie na razie wzywa\u0142a \u015bwiadk\u00f3w kandydat\u00f3w w tych wyborach, bo to mog\u0142oby im zaszkodzi\u0107. Co do sedna sprawy, mo\u017cna oczywi\u015bcie dyskutowa\u0107\u00a0&#8211;\u00a0o pocz\u0105tkach faszyzmu, o dymisji gen. Rapackiego, o naturze i sk\u0142adzie komisji Zawiszy (ciekawe, co mi\u0142o\u015bnicy literackiego Zawiszy i harcerze my\u015bl\u0105 o po\u015ble PiS? &#8211; czy s\u0105 mu wdzi\u0119czni, \u017ce pisze ten nowy rozdzia\u0142 w historii &#8222;kultowego&#8221; nazwiska?). Poruszy\u0142o mnie, \u017ce tak ostre s\u0142owa padaj\u0105 publicznie, w mediach, wi\u0119c id\u0105 w Polsk\u0119 i \u015bwiat. Co po nich zostaje?<\/p>\n<p>Balcerowicz wypad\u0142 u Lisa znakomicie, ka\u017cdego kolejnego jasnego i mocnego zdania Balcerowicza publika w studio s\u0142ucha\u0142a coraz uwa\u017cniej, w coraz g\u0142\u0119bszym skupieniu. Nawet ci, kt\u00f3rzy wcze\u015bniej bili brawo Arturowi Zawiszy. Mo\u017ce co\u015b do nich dotar\u0142o, ale co?\u00a0\u00a0\u00a0<\/p>\n","protected":false},"excerpt":{"rendered":"<p>Nie mo\u017cna dalej o Dylanie, niestety. Czarny czwartek: prof. Majchrowski, prezydent Krakowa, m\u00f3wi przed kamerami: tak zaczyna si\u0119 faszyzm. Chodzi mu o metody walki politycznej\u00a0&#8211; zbieranie &#8222;kwit\u00f3w&#8221;, podejrzenie o pods\u0142uch. Majchrowski chce si\u0119 ubiega\u0107 o drug\u0105 kadencj\u0119. Twierdzi, \u017ce szef policji w Ma\u0142opolsce musia\u0142 odej\u015b\u0107, bo nie chcia\u0142 si\u0119 zgodzi\u0107 na za\u0142o\u017cenie pods\u0142uchu Majchrowskiemu. W [&hellip;]<\/p>\n","protected":false},"author":3,"featured_media":0,"comment_status":"open","ping_status":"open","sticky":false,"template":"","format":"standard","meta":{"footnotes":""},"categories":[1],"tags":[],"_links":{"self":[{"href":"https:\/\/blog.polityka.pl\/szostkiewicz\/wp-json\/wp\/v2\/posts\/77"}],"collection":[{"href":"https:\/\/blog.polityka.pl\/szostkiewicz\/wp-json\/wp\/v2\/posts"}],"about":[{"href":"https:\/\/blog.polityka.pl\/szostkiewicz\/wp-json\/wp\/v2\/types\/post"}],"author":[{"embeddable":true,"href":"https:\/\/blog.polityka.pl\/szostkiewicz\/wp-json\/wp\/v2\/users\/3"}],"replies":[{"embeddable":true,"href":"https:\/\/blog.polityka.pl\/szostkiewicz\/wp-json\/wp\/v2\/comments?post=77"}],"version-history":[{"count":0,"href":"https:\/\/blog.polityka.pl\/szostkiewicz\/wp-json\/wp\/v2\/posts\/77\/revisions"}],"wp:attachment":[{"href":"https:\/\/blog.polityka.pl\/szostkiewicz\/wp-json\/wp\/v2\/media?parent=77"}],"wp:term":[{"taxonomy":"category","embeddable":true,"href":"https:\/\/blog.polityka.pl\/szostkiewicz\/wp-json\/wp\/v2\/categories?post=77"},{"taxonomy":"post_tag","embeddable":true,"href":"https:\/\/blog.polityka.pl\/szostkiewicz\/wp-json\/wp\/v2\/tags?post=77"}],"curies":[{"name":"wp","href":"https:\/\/api.w.org\/{rel}","templated":true}]}}