
{"id":7722,"date":"2018-11-26T02:24:20","date_gmt":"2018-11-26T01:24:20","guid":{"rendered":"http:\/\/szostkiewicz.blog.polityka.pl\/?p=7722"},"modified":"2018-11-26T13:51:36","modified_gmt":"2018-11-26T12:51:36","slug":"nieszczescie-z-brexitem","status":"publish","type":"post","link":"https:\/\/blog.polityka.pl\/szostkiewicz\/2018\/11\/26\/nieszczescie-z-brexitem\/","title":{"rendered":"Nieszcz\u0119\u015bcie z brexitem"},"content":{"rendered":"<p>Je\u015bli co\u015b wiadomo na temat brexitu, to tyle, \u017ce tak naprawd\u0119 nic nie wiadomo. Poza tym, \u017ce jest to wydarzenie negatywne i dla Brytanii, i dla Unii, a nawet ca\u0142ego Zachodu. Jedyna dobra wiadomo\u015b\u0107 na temat brexitu by\u0142aby taka, \u017ce w og\u00f3le do niego nie dojdzie.<br \/>\n<!--more--><br \/>\nAle dosz\u0142o, ze znacz\u0105cym udzia\u0142em si\u0142 antyeuropejskich, w tym po\u017cytecznych idiot\u00f3w Kremla. Brexit wygra\u0142 zaledwie czterema procentami g\u0142os\u00f3w, za g\u0142osowali cz\u0119sto ludzie o nastawieniu ksenofobicznym, niezbyt zorientowani, o co chodzi z tym brexitem, ale oczekuj\u0105cy od rz\u0105du zawr\u00f3cenia Tamizy kijem.<\/p>\n<p>Rozw\u00f3d po 40 latach nawet w zwyk\u0142ym ma\u0142\u017ce\u0144stwie jest trz\u0119sieniem ziemi o nieprzewidywalnych skutkach, a co dopiero w polityce mi\u0119dzynarodowej. I tak jak zwyk\u0142y rozw\u00f3d musi kosztowa\u0107, podobnie brexit musi i b\u0119dzie drogo kosztowa\u0142 obie rozchodz\u0105ce si\u0119 strony. Nie mo\u017ce by\u0107 tak, \u017ce kto\u015b tak sobie po prostu zabiera zabawki i wychodzi, nie ogl\u0105daj\u0105c si\u0119 na skutki. Unia to jest tw\u00f3r dobrowolny, ale zmierzaj\u0105cy do pewnego celu. Wysi\u0105\u015b\u0107 z tego poci\u0105gu mo\u017cna, ale nie podczas biegu.<\/p>\n<p>A kto mimo to wysiada, ryzykuje wiele. Jak wiele, oka\u017ce si\u0119 w najbli\u017cszej przysz\u0142o\u015bci, prawdopodobnie ju\u017c podczas okresu przej\u015bciowego, czyli do grudnia 2020 r. Oczywi\u015bcie i to nie jest pewne, bo na razie do jego wej\u015bcia w \u017cycie potrzebna jest jeszcze zgoda Parlamentu Europejskiego i, co najwa\u017cniejsze, Parlamentu samej Wielkiej Brytanii.<\/p>\n<p>Cho\u0107 obecny rz\u0105d londy\u0144ski odni\u00f3s\u0142 w Unii sukces, kiedy Rada Europejska zatwierdzi\u0142a umow\u0119 rozwodow\u0105, to jest to sukces gorzki, bo oznaczaj\u0105cy pora\u017ck\u0119 idei europejskiej w jednym z wa\u017cniejszych pa\u0144stw. Nie tylko to. Tak\u017ce precedens, \u017ce mo\u017cna si\u0119 wypi\u0105\u0107 na Uni\u0119, wykorzystuj\u0105c plebiscyt, kiedy trzeba wp\u0142aci\u0107 do wsp\u00f3lnej kasy wi\u0119cej, ni\u017c si\u0119 z niej otrzyma, albo kiedy trzeba wykaza\u0107 si\u0119 solidarno\u015bci\u0105 w dobrej, ale niepopularnej sprawie.<\/p>\n<p>T\u0105 drog\u0105 p\u00f3jd\u0105 zapewne inne kraje rz\u0105dzone dzi\u015b przez polityk\u00f3w pokroju Kaczy\u0144skiego, Orb\u00e1na, Salviniego, na czele z nimi samymi, przecie\u017c niekryj\u0105cymi swej niech\u0119ci do marzenia o trwa\u0142ym pokoju, otwartych granicach i wsp\u00f3\u0142pracy w Europie na dotychczasowych zasadach. Im chyba nawet wojna\u00a0niestraszna, a zamiast wsp\u00f3\u0142pracy chc\u0105 bezwarunkowej mi\u0142o\u015bci swych poddanych.<\/p>\n<p>Sta\u0142o si\u0119 bardzo \u017ale i win\u0119 za to ponosi jeden brytyjski polityk, kt\u00f3ry z tego powodu przejdzie do historii ca\u0142kiem nie tak, jak pewno sobie wymarzy\u0142, obiecuj\u0105c obywatelom przeprowadzenie tego nieszcz\u0119snego referendum, aby samemu utrzyma\u0107 si\u0119 u w\u0142adzy.<\/p>\n","protected":false},"excerpt":{"rendered":"<p>Rozw\u00f3d po 40 latach nawet w zwyk\u0142ym ma\u0142\u017ce\u0144stwie jest trz\u0119sieniem ziemi.<\/p>\n","protected":false},"author":3,"featured_media":7734,"comment_status":"open","ping_status":"closed","sticky":false,"template":"","format":"standard","meta":{"footnotes":""},"categories":[1],"tags":[],"_links":{"self":[{"href":"https:\/\/blog.polityka.pl\/szostkiewicz\/wp-json\/wp\/v2\/posts\/7722"}],"collection":[{"href":"https:\/\/blog.polityka.pl\/szostkiewicz\/wp-json\/wp\/v2\/posts"}],"about":[{"href":"https:\/\/blog.polityka.pl\/szostkiewicz\/wp-json\/wp\/v2\/types\/post"}],"author":[{"embeddable":true,"href":"https:\/\/blog.polityka.pl\/szostkiewicz\/wp-json\/wp\/v2\/users\/3"}],"replies":[{"embeddable":true,"href":"https:\/\/blog.polityka.pl\/szostkiewicz\/wp-json\/wp\/v2\/comments?post=7722"}],"version-history":[{"count":11,"href":"https:\/\/blog.polityka.pl\/szostkiewicz\/wp-json\/wp\/v2\/posts\/7722\/revisions"}],"predecessor-version":[{"id":7735,"href":"https:\/\/blog.polityka.pl\/szostkiewicz\/wp-json\/wp\/v2\/posts\/7722\/revisions\/7735"}],"wp:featuredmedia":[{"embeddable":true,"href":"https:\/\/blog.polityka.pl\/szostkiewicz\/wp-json\/wp\/v2\/media\/7734"}],"wp:attachment":[{"href":"https:\/\/blog.polityka.pl\/szostkiewicz\/wp-json\/wp\/v2\/media?parent=7722"}],"wp:term":[{"taxonomy":"category","embeddable":true,"href":"https:\/\/blog.polityka.pl\/szostkiewicz\/wp-json\/wp\/v2\/categories?post=7722"},{"taxonomy":"post_tag","embeddable":true,"href":"https:\/\/blog.polityka.pl\/szostkiewicz\/wp-json\/wp\/v2\/tags?post=7722"}],"curies":[{"name":"wp","href":"https:\/\/api.w.org\/{rel}","templated":true}]}}