
{"id":7740,"date":"2018-11-28T10:04:06","date_gmt":"2018-11-28T09:04:06","guid":{"rendered":"http:\/\/szostkiewicz.blog.polityka.pl\/?p=7740"},"modified":"2018-11-28T11:29:02","modified_gmt":"2018-11-28T10:29:02","slug":"nie-bedzie-nam-mosbacher","status":"publish","type":"post","link":"https:\/\/blog.polityka.pl\/szostkiewicz\/2018\/11\/28\/nie-bedzie-nam-mosbacher\/","title":{"rendered":"Nie b\u0119dzie nam Mosbacher&#8230;"},"content":{"rendered":"<p>Prawica dosta\u0142a sza\u0142u: ambasador\u00a0Mosbacher broni TVN! A przecie\u017c to stacja &#8222;antypolska&#8221; i &#8222;antydemokratyczna&#8221;, jak przypomnia\u0142a Amerykance pose\u0142 Krystyna Paw\u0142owicz. W rzeczywisto\u015bci antypolskie i antydemokratyczne jest rozp\u0119tywanie przez prawic\u0119 kampanii nienawi\u015bci przeciwko pani Mosbacher. Akurat w tej sprawie to ona reprezentuje prawo i sprawiedliwo\u015b\u0107. Prawica to wie, wi\u0119c tym bardziej hejtuje. Co tam wieczna przyja\u017a\u0144 z Jankesami! Wa\u017cniejsze to zniszczy\u0107 wolne media w Polsce.<br \/>\n<!--more--><br \/>\nTo postawa antypolska, bo w naszym interesie le\u017c\u0105 dobre stosunki z USA, nawet w chaotycznej epoce Trumpa, i pozytywny wizerunek naszego pa\u0144stwa w \u015bwiecie. I antydemokratyczna,\u00a0bo TVN jest stacj\u0105 legaln\u0105, przestrzegaj\u0105c\u0105 prawa, p\u0142ac\u0105c\u0105 w Polsce podatki, niezale\u017cn\u0105 od rz\u0105dz\u0105cych polityk\u00f3w. Ma konstytucyjne prawo do wolno\u015bci s\u0142owa, ani wi\u0119ksze, ani mniejsze ni\u017c np. kontrolowane politycznie przez obecn\u0105 w\u0142adz\u0119 media publiczne.<\/p>\n<p>Pisowskie pogr\u00f3\u017cki i pomruki nienawi\u015bci pod adresem TVN i innych niezale\u017cnych od pos\u0142a Kaczy\u0144skiego medi\u00f3w s\u0142ycha\u0107 od dawna. Prawda k\u0142uje w\u0142adz\u0119 w oczy, wi\u0119c pr\u00f3buje tym mediom rzuca\u0107 k\u0142ody pod nogi na wszelkie sposoby. Teraz pod pretekstem rzekomej ustawki w reporta\u017cu o polskich neonazistach \u015bwi\u0119tuj\u0105cych urodziny Hitlera.<\/p>\n<p>Pani Mosbacher, pisz\u0105c do premiera Morawieckiego list w obronie TVN, broni zarazem generalnie wolno\u015bci s\u0142owa w Polsce, co zas\u0142uguje na pochwa\u0142\u0119. Zarazem broni firmy z kapita\u0142em ameryka\u0144skim, dzia\u0142aj\u0105cej w Polsce.\u00a0To jeszcze nie jest w Polsce przest\u0119pstwo, tylko skutek mi\u0119dzynarodowego systemu rynkowego, do kt\u00f3rego Polska jeszcze nale\u017cy i z czego czerpie korzy\u015bci. Jednocze\u015bnie od pocz\u0105tku Mosbacher nie kry\u0142a, \u017ce b\u0119dzie u nas ambasadorem ameryka\u0144skiego biznesu. Jej list do Morawieckiego nie powinien wi\u0119c prawicy oburza\u0107. Pasuje do biznesowego pojmowania polityki przez Trumpa.<\/p>\n<p>Oczywi\u015bcie, \u017ce u siebie Trump atakuje krytyczne wobec niego media i to w stylu \u017cenuj\u0105cym, dla taniego poklasku swych fan\u00f3w. W negatywnej roli, w jakiej polska prawica obsadza TVN, Trump obsadza CNN. Ostatnio spr\u00f3bowa\u0142 nawet jednego z reporter\u00f3w politycznych CNN wykluczy\u0107 z korpusu korespondent\u00f3w przy Bia\u0142ym Domu. Bezskutecznie, bo murem za dziennikarzem stan\u0119\u0142y w imi\u0119 wolno\u015bci s\u0142owa i prawa obywateli do informacji zar\u00f3wno media krytykuj\u0105ce, jak i popieraj\u0105ce prezydenta. Korespondent mo\u017ce robi\u0107 swoje, a CNN dalej zarabia miliony na reklamach. Wolno\u015b\u0107 s\u0142owa i biznesu\u00a0trzyma si\u0119 w Stanach mocno, w Polsce Kaczy\u0144skiego trzeba o ni\u0105 walczy\u0107. I na sw\u00f3j spos\u00f3b, a ku przestrodze dla obecnej w\u0142adzy ameryka\u0144ska ambasador si\u0119 do niej w\u0142\u0105czy\u0142a.<\/p>\n<p>Jest niezale\u017cna od kaprys\u00f3w Kaczy\u0144skiego, to Kaczy\u0144ski musi si\u0119 liczy\u0107 z kaprysami Trumpa. Bojkotowanie jej przez pisowskich notabli sp\u0142ywa po niej jak woda po kaczce, podobnie jak grymasy prawicy pod jej adresem, kiedy fetowa\u0142a Lecha Wa\u0142\u0119s\u0119, kt\u00f3ry nadal pozostaje dla wielu Amerykan\u00f3w jednym z bohater\u00f3w walki z komunizmem.<\/p>\n<p>W tym sensie pani ambasador\u00a0mia\u0142a moralne prawo do wyst\u0105pienia w sprawie TVN. Przecie\u017c\u00a0PiS lubi przedstawia\u0107 Polsk\u0119 pod swymi rz\u0105dami jako &#8222;fort Trump&#8221;. I siebie jako najwierniejszego sojusznika USA w Europie. Niech si\u0119 wi\u0119c nie oburza, \u017ce dosta\u0142 od Mosbacher nauczk\u0119 na temat systemu demokracji w Ameryce, kt\u00f3rego filarami s\u0105 niezale\u017cno\u015b\u0107 medi\u00f3w i wolno\u015b\u0107 s\u0142owa.<\/p>\n","protected":false},"excerpt":{"rendered":"<p>Prawda k\u0142uje w\u0142adz\u0119 w oczy.<\/p>\n","protected":false},"author":3,"featured_media":7752,"comment_status":"open","ping_status":"closed","sticky":false,"template":"","format":"standard","meta":{"footnotes":""},"categories":[1],"tags":[],"_links":{"self":[{"href":"https:\/\/blog.polityka.pl\/szostkiewicz\/wp-json\/wp\/v2\/posts\/7740"}],"collection":[{"href":"https:\/\/blog.polityka.pl\/szostkiewicz\/wp-json\/wp\/v2\/posts"}],"about":[{"href":"https:\/\/blog.polityka.pl\/szostkiewicz\/wp-json\/wp\/v2\/types\/post"}],"author":[{"embeddable":true,"href":"https:\/\/blog.polityka.pl\/szostkiewicz\/wp-json\/wp\/v2\/users\/3"}],"replies":[{"embeddable":true,"href":"https:\/\/blog.polityka.pl\/szostkiewicz\/wp-json\/wp\/v2\/comments?post=7740"}],"version-history":[{"count":7,"href":"https:\/\/blog.polityka.pl\/szostkiewicz\/wp-json\/wp\/v2\/posts\/7740\/revisions"}],"predecessor-version":[{"id":7751,"href":"https:\/\/blog.polityka.pl\/szostkiewicz\/wp-json\/wp\/v2\/posts\/7740\/revisions\/7751"}],"wp:featuredmedia":[{"embeddable":true,"href":"https:\/\/blog.polityka.pl\/szostkiewicz\/wp-json\/wp\/v2\/media\/7752"}],"wp:attachment":[{"href":"https:\/\/blog.polityka.pl\/szostkiewicz\/wp-json\/wp\/v2\/media?parent=7740"}],"wp:term":[{"taxonomy":"category","embeddable":true,"href":"https:\/\/blog.polityka.pl\/szostkiewicz\/wp-json\/wp\/v2\/categories?post=7740"},{"taxonomy":"post_tag","embeddable":true,"href":"https:\/\/blog.polityka.pl\/szostkiewicz\/wp-json\/wp\/v2\/tags?post=7740"}],"curies":[{"name":"wp","href":"https:\/\/api.w.org\/{rel}","templated":true}]}}