
{"id":7754,"date":"2018-11-30T17:09:38","date_gmt":"2018-11-30T16:09:38","guid":{"rendered":"http:\/\/szostkiewicz.blog.polityka.pl\/?p=7754"},"modified":"2018-12-01T08:24:39","modified_gmt":"2018-12-01T07:24:39","slug":"prosze-wsiadac-i-sie-spowiadac","status":"publish","type":"post","link":"https:\/\/blog.polityka.pl\/szostkiewicz\/2018\/11\/30\/prosze-wsiadac-i-sie-spowiadac\/","title":{"rendered":"Prosz\u0119 wsiada\u0107 i si\u0119 spowiada\u0107!"},"content":{"rendered":"<p>Oj, co nagle, to po diable. Przed\u015bwi\u0105teczne wzmo\u017cenie religijne nawiedzi\u0142o samorz\u0105dow\u0105 sp\u00f3\u0142k\u0119 Koleje Ma\u0142opolskie, dzi\u015b pod w\u0142adz\u0105 PiS.\u00a0Firma chcia\u0142a wpu\u015bci\u0107 do poci\u0105g\u00f3w ksi\u0119\u017cy gotowych spowiada\u0107 pasa\u017cer\u00f3w.\u00a0Zrobi\u0142 si\u0119 szum w mediach.<br \/>\n<!--more--><br \/>\nWojciech Maziarski podni\u00f3s\u0142 poprzeczk\u0119 nonsensu i zaproponowa\u0142, by na stacjach Orlenu mo\u017cna by\u0142o skorzysta\u0107 z ostatniego namaszczenia. Nadgorliwcy wzmo\u017ceni religijnie wycofali si\u0119 z pomys\u0142u, ale sami strzelili sobie i religii gola. Spowied\u017a dla wierz\u0105cego to powa\u017cna rzecz, nie powinno si\u0119 jej wystawia\u0107 na kpiny. Ani promowa\u0107 kogokolwiek komercyjnie czy politycznie przy jej pomocy.<\/p>\n<p>Kto chce si\u0119 wyspowiada\u0107, mo\u017ce to zrobi\u0107 w Polsce bez problemu. Nie trzeba mu u\u0142atwia\u0107 praktyk religijnych, bo s\u0105 powszechnie dost\u0119pne. Niemal za przys\u0142owiowym rogiem. Nawet je\u015bli jest kolejka do konfesjona\u0142u, to mo\u017cna j\u0105 wykorzysta\u0107 do rachunku sumienia. I wszyscy to wiedz\u0105, ale co szkodzi podliza\u0107 si\u0119 w\u0142adzy \u015bwieckiej i ko\u015bcielnej?<\/p>\n<p>W Polsce ko\u015bcio\u0142\u00f3w nie brakuje. Ksi\u0119\u017cy te\u017c. Chyba \u017cadna inna instytucja nie jest tak g\u0142\u0119boko wkorzeniona spo\u0142ecznie w naszym kraju. Je\u015bli tu i \u00f3wdzie s\u0105 jakie\u015b deficyty, to przecie\u017c nie takie jak cho\u0107by w Ameryce Po\u0142udniowej, gdzie jeden ksi\u0105dz ma cz\u0119sto do obs\u0142ugi parafie w promieniu kilkuset kilometr\u00f3w. Tam pomaganie w dost\u0119pie do praktyk religijnych ma sens, ale Ko\u015bci\u00f3\u0142 nie daje rady.<\/p>\n<p>Powstaje pr\u00f3\u017cnia, w kt\u00f3r\u0105 wchodz\u0105 religijni konkurenci &#8211; lepiej zorganizowane i bogatsze protestanckie sekty fundamentalistyczne z USA. Proponowanie ludziom us\u0142ugi religijnej mo\u017cna odczyta\u0107 jako zach\u0119t\u0119 do przej\u015bcia z jednej wiary na inn\u0105. Albo z niewiary na wiar\u0119.<\/p>\n<p>Nawracanie na tak\u0105 czy inn\u0105 wiar\u0119 to aktywno\u015b\u0107 nie tylko katolicka czy chrze\u015bcija\u0144ska. Na polskich ulicach promuj\u0105 si\u0119 r\u00f3\u017cne wiary, sekty i religie, od \u015awiadk\u00f3w Jehowy przez krisznait\u00f3w i mormon\u00f3w po muzu\u0142man\u00f3w. I tu powstaj\u0105 kolejne pytania. Gdyby pomys\u0142odawcy si\u0119 lepiej zastanowili nad tym, co proponowali, mo\u017ce od razu uznaliby pomys\u0142 za poroniony.<\/p>\n<p>Bo skoro miano by proponowa\u0107 spowied\u017a, to czemu nie zapoznanie si\u0119 z religi\u0105 islamu? Ale czy katolicy w Polsce s\u0105 gotowi na muzu\u0142ma\u0144skich \u0142owc\u00f3w dusz w poci\u0105gach? A ci, kt\u00f3rzy nie s\u0105, czy bior\u0105 pod uwag\u0119, \u017ce z kolei niewierz\u0105cy mog\u0105 nie by\u0107 gotowi na ksi\u0119\u017cy spowiednik\u00f3w proponuj\u0105cych im swoje religijne us\u0142ugi w transporcie publicznym?<\/p>\n<p>Wagon to nie ulica. Tu kontakt jest bardziej spersonalizowany. Czy ksi\u0119\u017ca spowiednicy mieliby chodzi\u0107 po poci\u0105gu jak po szpitalu, wywo\u0142uj\u0105c dyskomfort u pasa\u017cer\u00f3w, kt\u00f3rzy spowiada\u0107 si\u0119 nie chc\u0105 ani w wagonie, ani w og\u00f3le nigdzie? Nawet je\u015bli us\u0142uga by\u0142aby wliczona w cen\u0119 biletu, a tak podobno mia\u0142o by\u0107 w poci\u0105gach Kolei Ma\u0142opolskich tu\u017c przed \u015bwi\u0119tami. \u00a0Nawiasem m\u00f3wi\u0105c, ta informacja te\u017c jest bulwersuj\u0105ca, bo przecie\u017c za sakramenty op\u0142ata si\u0119 normalnie nie nale\u017cy.<\/p>\n<p>Mamy przys\u0142owie, \u017ce dobrymi intencjami wybrukowane jest piek\u0142o. Zak\u0142adam wielkodusznie, \u017ce Kolejom chodzi\u0142o wy\u0142\u0105cznie o dobro duchowe. Wysz\u0142o, jak wysz\u0142o. Sprawa ju\u017c nieaktualna, ale niesmak zostaje.<\/p>\n<p>PS. A jednak sprawa mo\u017ce mie\u0107 drugie \u017cycie! Wed\u0142ug tabloidu Fakt, prezes Kolei nie wyklucza, \u017ce w wagonie zostanie zainstalowany konfesjona\u0142, w kt\u00f3rym b\u0119dzie si\u0119 mo\u017cna wyspowiada\u0107. Podobno dwa zgromadzenia zakonne, a tak\u017ce znani ksi\u0119\u017ca, Knabit i Boniecki, wyrazili zainteresowanie pomys\u0142em. Wiarygodno\u015b\u0107 tabloid\u00f3w, jaka jest wszyscy wiemy, wi\u0119c mo\u017ce to fake news. Nadzieja umiera ostatnia.<\/p>\n","protected":false},"excerpt":{"rendered":"<p>Wagon to nie ulica.<\/p>\n","protected":false},"author":3,"featured_media":7765,"comment_status":"open","ping_status":"closed","sticky":false,"template":"","format":"standard","meta":{"footnotes":""},"categories":[1],"tags":[],"_links":{"self":[{"href":"https:\/\/blog.polityka.pl\/szostkiewicz\/wp-json\/wp\/v2\/posts\/7754"}],"collection":[{"href":"https:\/\/blog.polityka.pl\/szostkiewicz\/wp-json\/wp\/v2\/posts"}],"about":[{"href":"https:\/\/blog.polityka.pl\/szostkiewicz\/wp-json\/wp\/v2\/types\/post"}],"author":[{"embeddable":true,"href":"https:\/\/blog.polityka.pl\/szostkiewicz\/wp-json\/wp\/v2\/users\/3"}],"replies":[{"embeddable":true,"href":"https:\/\/blog.polityka.pl\/szostkiewicz\/wp-json\/wp\/v2\/comments?post=7754"}],"version-history":[{"count":13,"href":"https:\/\/blog.polityka.pl\/szostkiewicz\/wp-json\/wp\/v2\/posts\/7754\/revisions"}],"predecessor-version":[{"id":7768,"href":"https:\/\/blog.polityka.pl\/szostkiewicz\/wp-json\/wp\/v2\/posts\/7754\/revisions\/7768"}],"wp:featuredmedia":[{"embeddable":true,"href":"https:\/\/blog.polityka.pl\/szostkiewicz\/wp-json\/wp\/v2\/media\/7765"}],"wp:attachment":[{"href":"https:\/\/blog.polityka.pl\/szostkiewicz\/wp-json\/wp\/v2\/media?parent=7754"}],"wp:term":[{"taxonomy":"category","embeddable":true,"href":"https:\/\/blog.polityka.pl\/szostkiewicz\/wp-json\/wp\/v2\/categories?post=7754"},{"taxonomy":"post_tag","embeddable":true,"href":"https:\/\/blog.polityka.pl\/szostkiewicz\/wp-json\/wp\/v2\/tags?post=7754"}],"curies":[{"name":"wp","href":"https:\/\/api.w.org\/{rel}","templated":true}]}}