
{"id":7769,"date":"2018-12-02T10:00:22","date_gmt":"2018-12-02T09:00:22","guid":{"rendered":"http:\/\/szostkiewicz.blog.polityka.pl\/?p=7769"},"modified":"2018-12-02T11:36:47","modified_gmt":"2018-12-02T10:36:47","slug":"do-kogo-ta-mowa","status":"publish","type":"post","link":"https:\/\/blog.polityka.pl\/szostkiewicz\/2018\/12\/02\/do-kogo-ta-mowa\/","title":{"rendered":"Do kogo ta mowa?"},"content":{"rendered":"<p>Premier Morawiecki wyst\u0105pi\u0142 z referatem w stylu pezetpeerowskim na konferencji &#8222;Praca dla Polski&#8221;. Wszystko gra i bucy. W gospodarce, w socjalu, na Mierzei Wi\u015blanej i w og\u00f3le we wszystkim. Zero problem\u00f3w w kraju i na arenie mi\u0119dzynarodowej. Polska Kaczy\u0144skiego ro\u015bnie w si\u0142\u0119, jak Polska Gierka, a ludziom zn\u00f3w \u017cyje si\u0119 dostatniej.<br \/>\n<!--more--><br \/>\nTylko \u017ce tak nachalna propaganda sukcesu dla Gierka sko\u0144czy\u0142a si\u0119 zad\u0142u\u017ceniem kraju po uszy i Solidarno\u015bci\u0105,\u00a0p\u00f3\u017aniej przyszed\u0142 stan wojenny i ocet na p\u00f3\u0142kach, a w ko\u0144cu zmiana systemu. Na tak\u0105 zmian\u0119 systemu dzi\u015b w Polsce si\u0119 nie zanosi, ale referat Morawieckiego wygl\u0105da na nieoficjalny przyspieszony pocz\u0105tek kampanii wyborczej PiS i jego przystawek najpierw do Parlamentu Europejskiego, nast\u0119pnie do Sejmu i Senatu. Jego drugim dnem jest tuszowanie niepokoju o dalszy bieg wydarze\u0144 w kraju.<\/p>\n<p>I to jest jedyna tre\u015b\u0107 polityczna w przem\u00f3wieniu premiera. Reszta to samochwalstwo, ob\u0142uda &#8211; zapraszamy opozycj\u0119 do wsp\u00f3\u0142pracy &#8211; i wodolejstwo. Nic nowego pod pisowskim s\u0142o\u0144cem. Para zaczyna i\u015b\u0107 w gwizdek, a odklejenie od politycznej i spo\u0142ecznej rzeczywisto\u015bci przekracza nawet pisowski standard.<\/p>\n<p>W referacie nie ma afery KNF, kt\u00f3ra w normalnej demokracji by\u0142aby pocz\u0105tkiem ko\u0144ca obecnego rz\u0105du. Mo\u017ce o to chodzi\u0142o, by j\u0105 przykry\u0107 gadkami o zwyk\u0142ych ludziach i ukochaniu wolno\u015bci i Europy, kt\u00f3re polega w uj\u0119ciu Morawieckiego na tym, \u017ce w Polsce ludzie zarabiaj\u0105 tyle co w Europie Zachodniej. Nie ma cho\u0107by akapitu o protestach pracowniczych w sektorze pa\u0144stwowym ani o rosn\u0105cych cenach podstawowych artyku\u0142\u00f3w.<\/p>\n<p>Nie mia\u0142 te\u017c obecny szef rz\u0105du niczego do powiedzenia o aferze z ambasador Mosbacher w roli g\u0142\u00f3wnej ani o tym, jaki ma plan wypadek ataku Rosji na Ukrain\u0119, do czego wst\u0119pem mog\u0142o by\u0107 pirackie zaj\u0119cie ukrai\u0144skich okr\u0119t\u00f3w wraz z za\u0142ogami. W takiej sytuacji jedyne, co potrafi powiedzie\u0107 Morawiecki, to sugestia, \u017ce przed obecn\u0105 agresywn\u0105 polityk\u0105 Putina w naszym regionie uchroni nas przekopanie Mierzei Wi\u015blanej.<\/p>\n<p>To do\u015b\u0107 \u017cenuj\u0105ce w ustach syna parlamentarzysty, kt\u00f3ry udziela si\u0119 pojednawczo w mediach rosyjskich. I niepokoj\u0105ce, bo zn\u00f3w obywatele zobaczyli, \u017ce szef rz\u0105du ma kiepskie kompetencje mi\u0119dzynarodowe, a to z\u0142a wiadomo\u015b\u0107 dla naszego kraju, bo czasy s\u0105 napi\u0119te, a demokracja i pok\u00f3j zagro\u017cone.<\/p>\n<p>Dr\u0119twa, momentami pretensjonalna mowa Morawieckiego mia\u0142a skonsolidowa\u0107 beton pisowski po przegranych w miastach wyborach samorz\u0105dowych, wstydliwym odwrocie w kwestii S\u0105du Najwy\u017cszego i skandalu w KNF. Je\u015bli taki ma by\u0107 pomys\u0142 PiS na nadchodz\u0105ce wybory, to opozycja dosta\u0142a od premiera prezent. Pokaza\u0142 jej swoje s\u0142abe punkty.<\/p>\n","protected":false},"excerpt":{"rendered":"<p>Je\u015bli taki ma by\u0107 pomys\u0142 PiS na nadchodz\u0105ce wybory, to opozycja dosta\u0142a od premiera prezent.<\/p>\n","protected":false},"author":3,"featured_media":7774,"comment_status":"open","ping_status":"closed","sticky":false,"template":"","format":"standard","meta":{"footnotes":""},"categories":[1],"tags":[],"_links":{"self":[{"href":"https:\/\/blog.polityka.pl\/szostkiewicz\/wp-json\/wp\/v2\/posts\/7769"}],"collection":[{"href":"https:\/\/blog.polityka.pl\/szostkiewicz\/wp-json\/wp\/v2\/posts"}],"about":[{"href":"https:\/\/blog.polityka.pl\/szostkiewicz\/wp-json\/wp\/v2\/types\/post"}],"author":[{"embeddable":true,"href":"https:\/\/blog.polityka.pl\/szostkiewicz\/wp-json\/wp\/v2\/users\/3"}],"replies":[{"embeddable":true,"href":"https:\/\/blog.polityka.pl\/szostkiewicz\/wp-json\/wp\/v2\/comments?post=7769"}],"version-history":[{"count":4,"href":"https:\/\/blog.polityka.pl\/szostkiewicz\/wp-json\/wp\/v2\/posts\/7769\/revisions"}],"predecessor-version":[{"id":7773,"href":"https:\/\/blog.polityka.pl\/szostkiewicz\/wp-json\/wp\/v2\/posts\/7769\/revisions\/7773"}],"wp:featuredmedia":[{"embeddable":true,"href":"https:\/\/blog.polityka.pl\/szostkiewicz\/wp-json\/wp\/v2\/media\/7774"}],"wp:attachment":[{"href":"https:\/\/blog.polityka.pl\/szostkiewicz\/wp-json\/wp\/v2\/media?parent=7769"}],"wp:term":[{"taxonomy":"category","embeddable":true,"href":"https:\/\/blog.polityka.pl\/szostkiewicz\/wp-json\/wp\/v2\/categories?post=7769"},{"taxonomy":"post_tag","embeddable":true,"href":"https:\/\/blog.polityka.pl\/szostkiewicz\/wp-json\/wp\/v2\/tags?post=7769"}],"curies":[{"name":"wp","href":"https:\/\/api.w.org\/{rel}","templated":true}]}}