
{"id":7775,"date":"2018-12-04T21:49:50","date_gmt":"2018-12-04T20:49:50","guid":{"rendered":"http:\/\/szostkiewicz.blog.polityka.pl\/?p=7775"},"modified":"2018-12-04T22:36:23","modified_gmt":"2018-12-04T21:36:23","slug":"dzieci-jakos-sie-nie-rodza-emigranci-nie-wracaja","status":"publish","type":"post","link":"https:\/\/blog.polityka.pl\/szostkiewicz\/2018\/12\/04\/dzieci-jakos-sie-nie-rodza-emigranci-nie-wracaja\/","title":{"rendered":"Dzieci jako\u015b si\u0119 nie rodz\u0105, emigranci nie wracaj\u0105"},"content":{"rendered":"<p>500+ mia\u0142o wyra\u017anie zwi\u0119kszy\u0107 liczb\u0119 dzieci rodz\u0105cych si\u0119 w Polsce. Zwi\u0119kszy\u0142o minimalnie. Wed\u0142ug GUS w zesz\u0142ym roku urodzi\u0142o si\u0119 407 tys., o 20 tys. wi\u0119cej ni\u017c rok wcze\u015bniej. Osi\u0105gn\u0119li\u015bmy wsp\u00f3\u0142czynnik 1,45 dziecka na kobiet\u0119 w wieku reprodukcyjnym. Do bezpiecze\u0144stwa demograficznego trzeba wsp\u00f3\u0142czynnika 2,1. Na razie pisowski program dzia\u0142a kiepsko.<br \/>\n<!--more--><br \/>\nDzieci si\u0119 nie rodz\u0105, imigranci za chlebem nie wracaj\u0105. Kto z ludzi m\u0142odszych, obytych ju\u017c w \u015bwiecie, chcia\u0142by \u017cy\u0107 w kraju zarz\u0105dzanym przez rz\u0105d, kt\u00f3rego ministrowie raportuj\u0105 biskupom, \u017ce na zaj\u0119cia o teorii gender jest w szko\u0142ach pa\u0144stwowych szlaban i \u017ce nie wiadomo, czy uda si\u0119 obsadza\u0107 duchownych w roli wychowawc\u00f3w klasowych?<\/p>\n<p>Ka\u017cdy odpowiedzialny rz\u0105d troszczy si\u0119 o demografi\u0119. Ale nie ka\u017cdy robi na tym tak nachalnie polityk\u0119, kupuj\u0105c poparcie wyborcze. Zasi\u0142ek 500+ kosztuje bud\u017cet pa\u0144stwa blisko 30 mld z\u0142 rocznie. Jego zwolennicy podkre\u015blaj\u0105, \u017ce dzi\u0119ki tym pieni\u0105dzom wyra\u017anie poprawi\u0142 si\u0119 poziom \u017cycia trzech milion\u00f3w ludzi, wyci\u0105gaj\u0105c ich z skrajnego ub\u00f3stwa.<\/p>\n<p>To mo\u017ce by\u0107 prawda, a efekt po\u017c\u0105dany, ale cena wydaje si\u0119 s\u0142ona. Bo zanim ci wyci\u0105gni\u0119ci z n\u0119dzy zaczn\u0105 si\u0119 integrowa\u0107 spo\u0142ecznie i nim zacznie si\u0119 rodzi\u0107 naprawd\u0119 wi\u0119cej dzieci, mog\u0105 up\u0142yn\u0105\u0107 d\u0142ugie lata. Wed\u0142ug prognoz demograficznych ludno\u015b\u0107 Polski mo\u017ce si\u0119 skurczy\u0107 do 34 mln w po\u0142owie wieku, czyli wzgl\u0119dnie nied\u0142ugo. Ka\u017cdy odpowiedzialny rz\u0105d powinien dzia\u0142a\u0107, bo inaczej rozpadnie si\u0119 system emerytalny, a wraz z nim elementarna solidarno\u015b\u0107 pokole\u0144. Podobnie z zasypywaniem drastycznych nier\u00f3wno\u015bci spo\u0142ecznych.<\/p>\n<p>S\u0119k w tym, \u017ce PiS z polityki spo\u0142ecznej i rodzinnej robi instrument polityczny, wr\u0119cz ideologiczny. Bo pomaga w nadziei, \u017ce obj\u0119ci pomoc\u0105, ich bliscy i znajomi zostan\u0105 wiernym elektoratem partii Kaczy\u0144skiego w sojuszu z o. Rydzykiem i przymkn\u0105 oko na ca\u0142\u0105 reszt\u0119. Pisowska prawica chce budowa\u0107 spo\u0142ecze\u0144stwo ideologiczne, tak jak stary re\u017cim peerelowski.<\/p>\n<p>W PRL miano zbudowa\u0107 kraj nowego cz\u0142owieka socjalistycznego, w Polsce pod rz\u0105dami PiS pr\u00f3buje si\u0119 ograniczy\u0107 i w ko\u0144cu zlikwidowa\u0107 elementy spo\u0142ecze\u0144stwa liberalnego, a wzmocni\u0107 elementy konserwatyzmu obyczajowego i kulturowego. Spo\u0142ecze\u0144stwo, o jakim marzy PiS, to spo\u0142ecze\u0144stwo katolickie \u015bwiatopogl\u0105dowo, konserwatywne obyczajowo i kulturowo oraz prawicowe politycznie.<\/p>\n<p>Tych cel\u00f3w nie da si\u0119 osi\u0105gn\u0105\u0107, ale pr\u00f3bowa\u0107 mo\u017cna. Nie da si\u0119, bo spo\u0142ecze\u0144stwo polskie rozpad\u0142o si\u0119 wskutek polityki pisowskiej na segmenty niezdolne do dialogu i wsp\u00f3\u0142pracy, a instytucje arbitra\u017cowe zosta\u0142y zablokowane. Nie da si\u0119 ani si\u0142\u0105, ani propagand\u0105 nam\u00f3wi\u0107 kobiet do rodzenia dzieci i emigrant\u00f3w zarobkowych do powrotu tylko dlatego, \u017ce wzywaj\u0105 do tego Kaczy\u0144ski z Morawieckim. Nie da si\u0119 zamkn\u0105\u0107 ust kobietom, kt\u00f3re chc\u0105 in vitro czy nie chc\u0105 ca\u0142kowitego zakazu legalnej aborcji. Polska po prawie 30 latach suwerenno\u015bci jest spo\u0142ecze\u0144stwem g\u0142\u0119boko i trwale zr\u00f3\u017cnicowanym, kt\u00f3re nie podda si\u0119 przer\u00f3bce na jedno ideologiczne kopyto.<\/p>\n<p>W rzeczywisto\u015bci ludzie podejmuj\u0105 wa\u017cne dla siebie decyzje, je\u015bli widz\u0105 w nich sens i szanse powodzenia. A bez nowoczesnej, lecz kosztownej infrastruktury instytucjonalnej pomocy potrzebnej do wychowania dzieci kobiety tej szansy mog\u0105 nie dostrzega\u0107. Te za\u015b, kt\u00f3re nie chc\u0105 \u017cy\u0107 w spo\u0142ecze\u0144stwie, w kt\u00f3rym ich rola sprowadza si\u0119, jak by\u0142o dawno, dawno temu, do dzieci, kuchni i Ko\u015bcio\u0142a, nie b\u0119d\u0105 te\u017c ch\u0119tne do rodzenia tylko po to, by ros\u0142y zasoby si\u0142y roboczej i poborowej. Emigranci musz\u0105 poczu\u0107 si\u0142\u0119 z\u0142otego, by porzuci\u0107 dla niego euro, dolara czy funta.<\/p>\n","protected":false},"excerpt":{"rendered":"<p>Pisowska prawica chce budowa\u0107 spo\u0142ecze\u0144stwo ideologiczne, tak jak stary re\u017cim peerelowski.<\/p>\n","protected":false},"author":3,"featured_media":7783,"comment_status":"open","ping_status":"closed","sticky":false,"template":"","format":"standard","meta":{"footnotes":""},"categories":[1],"tags":[],"_links":{"self":[{"href":"https:\/\/blog.polityka.pl\/szostkiewicz\/wp-json\/wp\/v2\/posts\/7775"}],"collection":[{"href":"https:\/\/blog.polityka.pl\/szostkiewicz\/wp-json\/wp\/v2\/posts"}],"about":[{"href":"https:\/\/blog.polityka.pl\/szostkiewicz\/wp-json\/wp\/v2\/types\/post"}],"author":[{"embeddable":true,"href":"https:\/\/blog.polityka.pl\/szostkiewicz\/wp-json\/wp\/v2\/users\/3"}],"replies":[{"embeddable":true,"href":"https:\/\/blog.polityka.pl\/szostkiewicz\/wp-json\/wp\/v2\/comments?post=7775"}],"version-history":[{"count":6,"href":"https:\/\/blog.polityka.pl\/szostkiewicz\/wp-json\/wp\/v2\/posts\/7775\/revisions"}],"predecessor-version":[{"id":7782,"href":"https:\/\/blog.polityka.pl\/szostkiewicz\/wp-json\/wp\/v2\/posts\/7775\/revisions\/7782"}],"wp:featuredmedia":[{"embeddable":true,"href":"https:\/\/blog.polityka.pl\/szostkiewicz\/wp-json\/wp\/v2\/media\/7783"}],"wp:attachment":[{"href":"https:\/\/blog.polityka.pl\/szostkiewicz\/wp-json\/wp\/v2\/media?parent=7775"}],"wp:term":[{"taxonomy":"category","embeddable":true,"href":"https:\/\/blog.polityka.pl\/szostkiewicz\/wp-json\/wp\/v2\/categories?post=7775"},{"taxonomy":"post_tag","embeddable":true,"href":"https:\/\/blog.polityka.pl\/szostkiewicz\/wp-json\/wp\/v2\/tags?post=7775"}],"curies":[{"name":"wp","href":"https:\/\/api.w.org\/{rel}","templated":true}]}}