
{"id":78,"date":"2006-09-17T01:51:12","date_gmt":"2006-09-16T23:51:12","guid":{"rendered":"http:\/\/szostkiewicz.blog.polityka.pl\/?p=78"},"modified":"2006-09-17T01:51:12","modified_gmt":"2006-09-16T23:51:12","slug":"lwica-lewicy","status":"publish","type":"post","link":"https:\/\/blog.polityka.pl\/szostkiewicz\/2006\/09\/17\/lwica-lewicy\/","title":{"rendered":"Lwica lewicy"},"content":{"rendered":"<p>Jeszcze o Orianie Fallaci. Co mi si\u0119 u niej najbardziej podoba\u0142o to wierno\u015b\u0107 tej lewicy, kt\u00f3ra walczy\u0142a z zamordyzmem w ka\u017cdym wydaniu &#8211; prawicowym, lewicowym, religijnym. Tak si\u0119 teraz wszystko w polityce pomiesza\u0142o, \u017ce lewica europejska chodzi w arafatkach i pod has\u0142ami &#8222;Wszyscy jeste\u015bmy Hezbollahem&#8221;! Fallaci widzia\u0142a, \u017ce to zdrada. Wojuj\u0105cy islam polityczno-religijny &#8211; taki jak Al-Kaida, Hezbollah czy ira\u0144ski re\u017cim ajatollah\u00f3w\u00a0&#8211; to musi by\u0107 wr\u00f3g dla lewicy i libera\u0142\u00f3w, bo chce zniszczy\u0107 wolno\u015b\u0107 obywatelsk\u0105 i prywatn\u0105.<\/p>\n<p>Atak Fallaci na taki islam po 11 wrze\u015bnia nie by\u0142 histeryczny (cho\u0107 jej retoryk\u0119 podk\u0142adania bomb pod meczet uwa\u017cam za skandal). By\u0142 dowodem, \u017ce lepiej rozumia\u0142a sens wojny z terrorem ni\u017c grube ryby lewicy w Europie. I \u017ce ma o wiele d\u0142u\u017csz\u0105 pami\u0119\u0107 ni\u017c niejeden lewicowy publicysta. W latach zimnej wojny islami\u015bci w sojuszu z dyktaturami mordowali lewic\u0119 w \u015bwiecie muzu\u0142manskim, od Egiptu po Indonezj\u0119 (oko\u0142o milion ofiar). W Afganistanie mud\u017cahedini wyrzynali prosowiecki re\u017cim i walczyli z Armi\u0105 Czerwon\u0105, co opisa\u0142 w swych doskona\u0142ych korespondencjach wojennych Radek Sikorski, w\u00f3wczas wschodz\u0105ca gwiazda brytyjskiego reporta\u017cu. Ten d\u017cihad mia\u0142 poparcie Amerykan\u00f3w, bo by\u0142 wojn\u0105 zast\u0119pcz\u0105 z Moskw\u0105. Kiedy Moskwa przegra\u0142a, sojusz straci\u0142 sens, Amerykanie przestali si\u0119 interesowa\u0107 Afganistanem, co by\u0142o ich ci\u0119\u017ckim b\u0142\u0119dem, bo wtedy zainteresowali si\u0119 nim talibowie. Talib\u00f3w nie \u017ca\u0142uj\u0119, antysowieckim mud\u017cahedinom kibicowa\u0142em, bo uwa\u017ca\u0142em jak Sikorski, \u017ce walczyli wtedy o wolno\u015b\u0107 &#8222;nasz\u0105 i wasz\u0105&#8221;.<\/p>\n<p>Ale nie przysz\u0142oby mi do g\u0142owy kibicowa\u0107 im teraz przeciwko Amerykanom i Zachodowi, bo Ameryka i Zach\u00f3d s\u0105 demokracj\u0105, a komunizm i islam &#8211; nie. Cze\u015b\u0107 Orianie, \u017ce nie da\u0142a si\u0119 zwariowa\u0107.<\/p>\n","protected":false},"excerpt":{"rendered":"<p>Jeszcze o Orianie Fallaci. Co mi si\u0119 u niej najbardziej podoba\u0142o to wierno\u015b\u0107 tej lewicy, kt\u00f3ra walczy\u0142a z zamordyzmem w ka\u017cdym wydaniu &#8211; prawicowym, lewicowym, religijnym. Tak si\u0119 teraz wszystko w polityce pomiesza\u0142o, \u017ce lewica europejska chodzi w arafatkach i pod has\u0142ami &#8222;Wszyscy jeste\u015bmy Hezbollahem&#8221;! Fallaci widzia\u0142a, \u017ce to zdrada. Wojuj\u0105cy islam polityczno-religijny &#8211; taki [&hellip;]<\/p>\n","protected":false},"author":3,"featured_media":0,"comment_status":"open","ping_status":"open","sticky":false,"template":"","format":"standard","meta":{"footnotes":""},"categories":[1],"tags":[],"_links":{"self":[{"href":"https:\/\/blog.polityka.pl\/szostkiewicz\/wp-json\/wp\/v2\/posts\/78"}],"collection":[{"href":"https:\/\/blog.polityka.pl\/szostkiewicz\/wp-json\/wp\/v2\/posts"}],"about":[{"href":"https:\/\/blog.polityka.pl\/szostkiewicz\/wp-json\/wp\/v2\/types\/post"}],"author":[{"embeddable":true,"href":"https:\/\/blog.polityka.pl\/szostkiewicz\/wp-json\/wp\/v2\/users\/3"}],"replies":[{"embeddable":true,"href":"https:\/\/blog.polityka.pl\/szostkiewicz\/wp-json\/wp\/v2\/comments?post=78"}],"version-history":[{"count":0,"href":"https:\/\/blog.polityka.pl\/szostkiewicz\/wp-json\/wp\/v2\/posts\/78\/revisions"}],"wp:attachment":[{"href":"https:\/\/blog.polityka.pl\/szostkiewicz\/wp-json\/wp\/v2\/media?parent=78"}],"wp:term":[{"taxonomy":"category","embeddable":true,"href":"https:\/\/blog.polityka.pl\/szostkiewicz\/wp-json\/wp\/v2\/categories?post=78"},{"taxonomy":"post_tag","embeddable":true,"href":"https:\/\/blog.polityka.pl\/szostkiewicz\/wp-json\/wp\/v2\/tags?post=78"}],"curies":[{"name":"wp","href":"https:\/\/api.w.org\/{rel}","templated":true}]}}