
{"id":79,"date":"2006-09-18T10:04:12","date_gmt":"2006-09-18T08:04:12","guid":{"rendered":"http:\/\/szostkiewicz.blog.polityka.pl\/?p=79"},"modified":"2006-09-18T10:04:12","modified_gmt":"2006-09-18T08:04:12","slug":"awantura-o-cytat","status":"publish","type":"post","link":"https:\/\/blog.polityka.pl\/szostkiewicz\/2006\/09\/18\/awantura-o-cytat\/","title":{"rendered":"Awantura o cytat"},"content":{"rendered":"<p>Jeden cytat z przem\u00f3wienia zrujnowa\u0142 wizyt\u0119 Benedykta w ojczy\u017anie i cofn\u0105\u0142 dialog katolicko-muzu\u0142ma\u0144ski o dziesi\u0119ciolecia, czyli praktycznie do punktu wyj\u015bcia. Ale kto by tam studiowa\u0142 uczon\u0105 mow\u0119 Benedykta? Newsowcom starczy\u0142 jeden soczysty kawa\u0142ek o naukach Mahometa, imamom starczy\u0142 news z medi\u00f3w. Nieszcz\u0119sny cytat by\u0142 kiksem w tym sensie, \u017ce zaniedbano w Rzymie kwesti\u0119 odbioru mowy w \u015bwiecie islamu\u00a0&#8211; nikt nie przewidzia\u0142, \u017ce to dynamit.\u00a0<\/p>\n<p>Wiadomo, \u017ce Ratzinger nie lubi czasem owija\u0107 w bawe\u0142n\u0119\u00a0(zachodnich wyznawc\u00f3w buddyzmu por\u00f3wna\u0142 kiedy\u015b do duchowych onanist\u00f3w), ale odk\u0105d jest papie\u017cem &#8211; na takie wycieczki sobie nie pozwala. Wiadomo te\u017c, \u017ce widzi w islamie sprzymierze\u0144ca w wojnie religii, wszystkich religii, zw\u0142aszcza monoteistycznych, z si\u0142ami sekularyzacji. Wiadomo wreszcie, \u017ce Ko\u015bci\u00f3\u0142 nie chce szkodzi\u0107 katolikom w krajach islamu. Jakie wi\u0119c musia\u0142o by\u0107 w Rzymie przera\u017cenie, kiedy nap\u0142yn\u0119\u0142y wie\u015bci o masowych protestach, notach dyplomatycznych, a w ko\u0144cu ataku na zakonnic\u0119 w Somalii i na ko\u015bcio\u0142y na Zachodnim Brzegu.<\/p>\n<p>Benedykt nagle znalaz\u0142 si\u0119\u00a0na jednym w\u00f3zku z Orian\u0105 Fallaci i innymi zaciek\u0142ymi krytykami islamu, a przecie\u017c wcze\u015bniej pot\u0119pi\u0142 publikacj\u0119 karykatur Mahometa w Danii! Mam wra\u017cenie, \u017ce ca\u0142a ta awantura o cytat jest absurdalna, bo papie\u017cowi naprawd\u0119 nie chodzi\u0142o o obra\u017canie muzu\u0142man\u00f3w, tylko o odrzucenie religijnych uzasadnie\u0144 przemocy, w islamie,w chrze\u015bcija\u0144stwie, wsz\u0119dzie. Ale w tym absurdzie jest metoda: media maj\u0105 sensacj\u0119, ekstremi\u015bci &#8211; pretekst do seansu nienawi\u015bci, a Ko\u015bci\u00f3\u0142 i papie\u017c &#8211; du\u017cy k\u0142opot wizerunkowy i polityczny, co radyka\u0142\u00f3w nie martwi, nie tylko islamskich.\u00a0\u00a0\u00a0<\/p>\n","protected":false},"excerpt":{"rendered":"<p>Jeden cytat z przem\u00f3wienia zrujnowa\u0142 wizyt\u0119 Benedykta w ojczy\u017anie i cofn\u0105\u0142 dialog katolicko-muzu\u0142ma\u0144ski o dziesi\u0119ciolecia, czyli praktycznie do punktu wyj\u015bcia. Ale kto by tam studiowa\u0142 uczon\u0105 mow\u0119 Benedykta? Newsowcom starczy\u0142 jeden soczysty kawa\u0142ek o naukach Mahometa, imamom starczy\u0142 news z medi\u00f3w. Nieszcz\u0119sny cytat by\u0142 kiksem w tym sensie, \u017ce zaniedbano w Rzymie kwesti\u0119 odbioru mowy [&hellip;]<\/p>\n","protected":false},"author":3,"featured_media":0,"comment_status":"open","ping_status":"open","sticky":false,"template":"","format":"standard","meta":{"footnotes":""},"categories":[1],"tags":[],"_links":{"self":[{"href":"https:\/\/blog.polityka.pl\/szostkiewicz\/wp-json\/wp\/v2\/posts\/79"}],"collection":[{"href":"https:\/\/blog.polityka.pl\/szostkiewicz\/wp-json\/wp\/v2\/posts"}],"about":[{"href":"https:\/\/blog.polityka.pl\/szostkiewicz\/wp-json\/wp\/v2\/types\/post"}],"author":[{"embeddable":true,"href":"https:\/\/blog.polityka.pl\/szostkiewicz\/wp-json\/wp\/v2\/users\/3"}],"replies":[{"embeddable":true,"href":"https:\/\/blog.polityka.pl\/szostkiewicz\/wp-json\/wp\/v2\/comments?post=79"}],"version-history":[{"count":0,"href":"https:\/\/blog.polityka.pl\/szostkiewicz\/wp-json\/wp\/v2\/posts\/79\/revisions"}],"wp:attachment":[{"href":"https:\/\/blog.polityka.pl\/szostkiewicz\/wp-json\/wp\/v2\/media?parent=79"}],"wp:term":[{"taxonomy":"category","embeddable":true,"href":"https:\/\/blog.polityka.pl\/szostkiewicz\/wp-json\/wp\/v2\/categories?post=79"},{"taxonomy":"post_tag","embeddable":true,"href":"https:\/\/blog.polityka.pl\/szostkiewicz\/wp-json\/wp\/v2\/tags?post=79"}],"curies":[{"name":"wp","href":"https:\/\/api.w.org\/{rel}","templated":true}]}}