
{"id":81,"date":"2006-09-22T13:35:39","date_gmt":"2006-09-22T11:35:39","guid":{"rendered":"http:\/\/szostkiewicz.blog.polityka.pl\/?p=81"},"modified":"2006-09-22T13:35:39","modified_gmt":"2006-09-22T11:35:39","slug":"siali-wiatr-zbiora-burze","status":"publish","type":"post","link":"https:\/\/blog.polityka.pl\/szostkiewicz\/2006\/09\/22\/siali-wiatr-zbiora-burze\/","title":{"rendered":"Siali wiatr, zbior\u0105 burz\u0119"},"content":{"rendered":"<p>Do czego s\u0142u\u017cy polityka? To nie jest domena &#8222;cham\u00f3w i warcho\u0142\u00f3w&#8221;. To jest domena obywateli. Ci, co nie powinni nami rz\u0105dzi\u0107 a rz\u0105dz\u0105, wchodz\u0105 do polityki, bo obywatele z niej wychodz\u0105. Polityka s\u0142u\u017cy do zabezpieczenia wolno\u015bci obywateli tak, by mogli z niej u\u017cywa\u0107 ku po\u017cytkowi swojemu i wsp\u00f3lnemu. Polityk\u0105 to nie jest ani prawienie kaza\u0144 o moralno\u015bci, ani sk\u0142adanie obietnic bez pokrycia. Nie jest ni\u0105 rozbudzanie z\u0142ych emocji w spo\u0142ecze\u0144stwie. Metoda dziel i rz\u0105d\u017a, wojna wszystkich ze wszystkimi, zawi\u0105zywanie sojuszy z ka\u017cdym i za ka\u017cd\u0105 cen\u0119 to te\u017c nie jest polityka, tylko technika przechwytywania w\u0142adzy, kt\u00f3ra pr\u0119dzej czy p\u00f3\u017aniej ko\u0144czy si\u0119 kompromitacj\u0105. Niczego nie zrozumieli, niczego si\u0119 nie nauczyli.<\/p>\n<p>Dobre pa\u0144stwo to nie jest pa\u0144stwo tanie czy drogie, tylko takie, kt\u00f3rego obywatele chc\u0105 w nim \u017cy\u0107 i w kt\u00f3rym przestrzegaj\u0105 oni jego praw, bo uwa\u017caj\u0105 je za sprawiedliwe. Tak jak Ko\u015bci\u00f3\u0142 jest dla grzesznik\u00f3w, demokracja jest dla m\u0105drych i g\u0142upich, biednych i bogatych, ale jej fundamentem jest praworz\u0105dno\u015b\u0107 i nieprzymuszona zgoda rz\u0105dzonych na rz\u0105dz\u0105cych. Lepiej kiedy rz\u0105dz\u0105 m\u0105drzy i prawi, ale takich rz\u0105d\u00f3w\u00a0dzi\u015b nie da si\u0119 narzuci\u0107. Trzeba ludzi przekona\u0107, mie\u0107 z nimi kontakt, nie wmawia\u0107 im, \u017ce zagro\u017ceniem jest to, czego oni za zagro\u017cenie nie uwa\u017caj\u0105.<\/p>\n<p>Prawo i sprawiedliwo\u015b\u0107 to s\u0105 dostojne s\u0142owa. Pomys\u0142, \u017ceby zamieni\u0107 je w szyld partyjny, jest nies\u0142ychany, bo sugeruje, \u017ce jaka\u015b jedna grupa interesu ma patent (a wi\u0119c mo\u017ce i monopol) na to, jak zbudowa\u0107 trwa\u0142y porz\u0105dek polityczny. Teraz zbieraj\u0105 \u017cniwo tej uzurpacji.<\/p>\n<p><strong>PS<\/strong>. Do imponuj\u0105cej wymiany zda\u0144 o dialogu kultur i religii jeszcze na pewno wr\u00f3cimy. Chc\u0119 zwr\u00f3ci\u0107 uwag\u0119 na interesuj\u0105cy przyczynek: apel\u00a0polskiej Rady Katolik\u00f3w i Muzu\u0142man\u00f3w (<a href=\"http:\/\/www.znak.org.pl\/\">www.znak.org.pl<\/a>). Napisa\u0142em te\u017c o tym ca\u0142y artyku\u0142 do &#8222;Polityki&#8221;, zapraszam za tydzie\u0144 do lektury. &#8222;Qba&#8221; &#8211; ja te\u017c nie lubi\u0119 &#8222;zwrotno\u015bci&#8221;, ale w blogu czasem sobie pozwalam na wi\u0119ksz\u0105 kolokwialno\u015b\u0107, kt\u00f3ra bywa na bakier z mow\u0105 publiczn\u0105. &#8222;Piwo&#8221;\u00a0&#8211; fakt, ale chcia\u0142em napisa\u0107 &#8222;ach&#8221; :). &#8222;Kas&#8221; &#8211;\u00a0dzi\u0119ki za ciep\u0142e s\u0142owa, ale Profesor naprawd\u0119 przesadzi\u0142. S\u0119k w tym, \u017ce to co ujdzie w domu, nie godzi si\u0119 w studio w tak wybuchowej sytuacji. Tu nie chodzi o \u017cadne ba\u0142wochwalstwo poprawno\u015bci politycznej, tylko demolowanie obyczaju i j\u0119zyka w przestrzeni publicznej.<\/p>\n","protected":false},"excerpt":{"rendered":"<p>Do czego s\u0142u\u017cy polityka? To nie jest domena &#8222;cham\u00f3w i warcho\u0142\u00f3w&#8221;. To jest domena obywateli. Ci, co nie powinni nami rz\u0105dzi\u0107 a rz\u0105dz\u0105, wchodz\u0105 do polityki, bo obywatele z niej wychodz\u0105. Polityka s\u0142u\u017cy do zabezpieczenia wolno\u015bci obywateli tak, by mogli z niej u\u017cywa\u0107 ku po\u017cytkowi swojemu i wsp\u00f3lnemu. Polityk\u0105 to nie jest ani prawienie kaza\u0144 [&hellip;]<\/p>\n","protected":false},"author":3,"featured_media":0,"comment_status":"open","ping_status":"open","sticky":false,"template":"","format":"standard","meta":{"footnotes":""},"categories":[1],"tags":[],"_links":{"self":[{"href":"https:\/\/blog.polityka.pl\/szostkiewicz\/wp-json\/wp\/v2\/posts\/81"}],"collection":[{"href":"https:\/\/blog.polityka.pl\/szostkiewicz\/wp-json\/wp\/v2\/posts"}],"about":[{"href":"https:\/\/blog.polityka.pl\/szostkiewicz\/wp-json\/wp\/v2\/types\/post"}],"author":[{"embeddable":true,"href":"https:\/\/blog.polityka.pl\/szostkiewicz\/wp-json\/wp\/v2\/users\/3"}],"replies":[{"embeddable":true,"href":"https:\/\/blog.polityka.pl\/szostkiewicz\/wp-json\/wp\/v2\/comments?post=81"}],"version-history":[{"count":0,"href":"https:\/\/blog.polityka.pl\/szostkiewicz\/wp-json\/wp\/v2\/posts\/81\/revisions"}],"wp:attachment":[{"href":"https:\/\/blog.polityka.pl\/szostkiewicz\/wp-json\/wp\/v2\/media?parent=81"}],"wp:term":[{"taxonomy":"category","embeddable":true,"href":"https:\/\/blog.polityka.pl\/szostkiewicz\/wp-json\/wp\/v2\/categories?post=81"},{"taxonomy":"post_tag","embeddable":true,"href":"https:\/\/blog.polityka.pl\/szostkiewicz\/wp-json\/wp\/v2\/tags?post=81"}],"curies":[{"name":"wp","href":"https:\/\/api.w.org\/{rel}","templated":true}]}}