
{"id":8100,"date":"2019-02-03T11:34:03","date_gmt":"2019-02-03T10:34:03","guid":{"rendered":"http:\/\/szostkiewicz.blog.polityka.pl\/?p=8100"},"modified":"2019-02-04T15:45:22","modified_gmt":"2019-02-04T14:45:22","slug":"nekanie-magdaleny-ogorek","status":"publish","type":"post","link":"https:\/\/blog.polityka.pl\/szostkiewicz\/2019\/02\/03\/nekanie-magdaleny-ogorek\/","title":{"rendered":"N\u0119kanie Magdaleny Og\u00f3rek"},"content":{"rendered":"<p>Nieuzasadniona przemoc w jakiejkolwiek formie nie jest zachowaniem obywatelskim. Zas\u0142uguje na pot\u0119pienie. Bez wzgl\u0119du na to, w kogo jest wycelowana.<br \/>\n<!--more--><br \/>\nMo\u017cemy si\u0119 radykalnie nie zgadza\u0107 z czyimi\u015b pogl\u0105dami, mo\u017ce nas odrzuca\u0107 nachalna i k\u0142amliwa propaganda w TVP pod kontrol\u0105 PiS. Ale nie mo\u017cemy tolerowa\u0107 agresji s\u0142ownej i fizycznej wymierzonej w osoby lub instytucje, kt\u00f3re krytykujemy.<\/p>\n<p>To jest sprzeczne ze s\u0142usznymi protestami przeciwko nienawi\u015bci zatruwaj\u0105cej nasze \u017cycie publiczne. Po przemoc si\u0119gaj\u0105 wrogowie wolno\u015bci s\u0142owa i demokracji. Nie mo\u017cemy do nich do\u0142\u0105cza\u0107, zachowuj\u0105c si\u0119 jak oni.<\/p>\n<p>Dobrze, \u017ce minister spraw wewn\u0119trznych od razu zareagowa\u0142 na n\u0119kanie pani Og\u00f3rek. Niedobrze, \u017ce przedtem nie reagowa\u0142 na kopanie uczestniczek protestu przeciwko faszyzacji. Niedobrze, \u017ce policja zachowa\u0142a si\u0119 w obu przypadkach nie tak, jak mo\u017cna by oczekiwa\u0107. Policja jest od ochrony obywateli, kt\u00f3rym dzieje si\u0119 krzywda.<\/p>\n<p>N\u0119kanie Og\u00f3rek jest politycznie g\u0142upot\u0105, je\u015bli nie gorzej. Dostarczy nowej amunicji propagandzie zepchni\u0119tej do defensywy po zab\u00f3jstwie Paw\u0142a Adamowicza. Ju\u017c odzywaj\u0105 si\u0119 po stronie pisowskiej rzekomi obro\u0144cy wolno\u015bci medi\u00f3w i dziennikarzy. Wcze\u015bniej milczeli, cho\u0107by gdy media kontrolowane przez obecne w\u0142adze seryjnie publikowa\u0142y oszczerstwa pod adresem prezydenta Gda\u0144ska. To jest prawdziwy instytucjonalny festiwal ob\u0142udy i agresji s\u0142ownej.<\/p>\n<p>Kto\u015b powie, \u017ce trzeba nazywa\u0107 rzeczy po imieniu. Programy pani\u00a0Og\u00f3rek, m\u00f3wi\u0105c oszcz\u0119dnie, dialogowi nie s\u0142u\u017c\u0105, tak samo jak firma, kt\u00f3ra j\u0105 zatrudnia. N\u0119kanie nie polega\u0142o na bezpo\u015brednim ataku fizycznym, has\u0142a i napisy nie zawiera\u0142y, jak si\u0119 zdaje, wulgaryzm\u00f3w. W sumie chodzi\u0142o o zamanifestowanie obywatelskiego sprzeciwu wobec tego, co si\u0119 dzieje w mediach publicznych.<\/p>\n<p>To prawda i dobrze, \u017ce nie przekroczono grubych linii. Ale generalnie nie t\u0119dy droga.<\/p>\n<p>PS.<\/p>\n<p>\u017be nie t\u0119dy droga, pokazuje zachwycona reakcja obozu w\u0142adzy i jej sympatyk\u00f3w, i dyskusja w Internecie na temat sprawy M.O. w\u015br\u00f3d przeciwnik\u00f3w obecnej w\u0142adzy. Ob\u00f3z dobrej zmiany osi\u0105ga cel: rozbicie opozycji post\u0119puje, od wczoraj czynnikiem podzia\u0142u\u00a0 jest te\u017c zlot u Biedronia.<\/p>\n<p>PS2. Da\u0142em to do zrozumienia wy\u017cej, a teraz rzeczywi\u015bcie wygl\u0105da na to, \u017ce to by\u0142a prowokacja, a w ka\u017cdym razie celowe podburzanie przeciwko Og\u00f3rek przez pracownika TVP.. Co na to prezes Kurski? Co na to prawicowy komentariat?<\/p>\n","protected":false},"excerpt":{"rendered":"<p>Po przemoc si\u0119gaj\u0105 wrogowie wolno\u015bci s\u0142owa i demokracji.<\/p>\n","protected":false},"author":3,"featured_media":8102,"comment_status":"open","ping_status":"closed","sticky":false,"template":"","format":"standard","meta":{"footnotes":""},"categories":[1],"tags":[],"_links":{"self":[{"href":"https:\/\/blog.polityka.pl\/szostkiewicz\/wp-json\/wp\/v2\/posts\/8100"}],"collection":[{"href":"https:\/\/blog.polityka.pl\/szostkiewicz\/wp-json\/wp\/v2\/posts"}],"about":[{"href":"https:\/\/blog.polityka.pl\/szostkiewicz\/wp-json\/wp\/v2\/types\/post"}],"author":[{"embeddable":true,"href":"https:\/\/blog.polityka.pl\/szostkiewicz\/wp-json\/wp\/v2\/users\/3"}],"replies":[{"embeddable":true,"href":"https:\/\/blog.polityka.pl\/szostkiewicz\/wp-json\/wp\/v2\/comments?post=8100"}],"version-history":[{"count":7,"href":"https:\/\/blog.polityka.pl\/szostkiewicz\/wp-json\/wp\/v2\/posts\/8100\/revisions"}],"predecessor-version":[{"id":8110,"href":"https:\/\/blog.polityka.pl\/szostkiewicz\/wp-json\/wp\/v2\/posts\/8100\/revisions\/8110"}],"wp:featuredmedia":[{"embeddable":true,"href":"https:\/\/blog.polityka.pl\/szostkiewicz\/wp-json\/wp\/v2\/media\/8102"}],"wp:attachment":[{"href":"https:\/\/blog.polityka.pl\/szostkiewicz\/wp-json\/wp\/v2\/media?parent=8100"}],"wp:term":[{"taxonomy":"category","embeddable":true,"href":"https:\/\/blog.polityka.pl\/szostkiewicz\/wp-json\/wp\/v2\/categories?post=8100"},{"taxonomy":"post_tag","embeddable":true,"href":"https:\/\/blog.polityka.pl\/szostkiewicz\/wp-json\/wp\/v2\/tags?post=8100"}],"curies":[{"name":"wp","href":"https:\/\/api.w.org\/{rel}","templated":true}]}}