
{"id":8171,"date":"2019-02-18T19:08:37","date_gmt":"2019-02-18T18:08:37","guid":{"rendered":"http:\/\/szostkiewicz.blog.polityka.pl\/?p=8171"},"modified":"2019-02-18T19:30:11","modified_gmt":"2019-02-18T18:30:11","slug":"3-x-nie-czyli-kaczynski-moze-zejsc-ze-sceny","status":"publish","type":"post","link":"https:\/\/blog.polityka.pl\/szostkiewicz\/2019\/02\/18\/3-x-nie-czyli-kaczynski-moze-zejsc-ze-sceny\/","title":{"rendered":"3 x nie, czyli Kaczy\u0144ski mo\u017ce zej\u015b\u0107 ze sceny"},"content":{"rendered":"<p>Dobry dla opozycji sonda\u017c <a href=\"https:\/\/oko.press\/koalicja-europejska-332-proc-dogonila-pis-337-i-razem-z-wiosna-12-moglaby-go-odsunac-od-wladzy\/\" rel=\"noopener\" target=\"_blank\">zrobi\u0142 IPSOS dla OKO.press<\/a>. Zawi\u0105zuj\u0105ca si\u0119 Koalicja Europejska dogania PiS w wyborach europejskich.<br \/>\n<!--more--><br \/>\nWiemy, wiemy, to tylko sonda\u017c. Ale bardzo \u015bwie\u017cy, robiony ju\u017c w trakcie kolejnych ods\u0142on sprawy K-Towers, pokazuj\u0105cej, jak dzia\u0142a oligarchiczne pa\u0144stwo zjednoczonej prawicy.<\/p>\n<p>Nie wierzmy, \u017ce ludzie uwierzyli, \u017ce to &#8222;kapiszon&#8221;. Ka\u017cdy dostrzega, \u017ce kolejne materia\u0142y ujawniane na temat styku polityki z biznesem pod rz\u0105dami Jaros\u0142awa Kaczy\u0144skiego zaprzeczaj\u0105 samej nazwie jego partii: pa\u0144stwo PiS ma ma\u0142o wsp\u00f3lnego z pa\u0144stwem prawa i sprawiedliwo\u015bci.<\/p>\n<p>OKO.press stawia trzy pytania zwi\u0105zane z wynikiem sonda\u017cu: czy PiS wygra eurowybory, czy b\u0119dzie dalej rz\u0105dzi\u0142 Polsk\u0105 i czy Biedro\u0144 szkodzi opozycji, nie id\u0105c do wybor\u00f3w z Koalicj\u0105 Europejsk\u0105. I odpowiada na ka\u017cde, \u017ce raczej nie. PiS nie wygra eurowybor\u00f3w, nie b\u0119dzie dalej rz\u0105dzi\u0142, a Biedro\u0144 nie szkodzi KE. \u015alicznie.<\/p>\n<p>Ale jest te\u017c \u0142y\u017cka dziegciu. To wynik skrajnej prawicy: Korwina, Kukiza i narodowc\u00f3w. Przekraczaj\u0105 pr\u00f3g wyborczy.<\/p>\n<p>I bonus: gdyby poparcie z tego sonda\u017cu pokry\u0142o si\u0119 z wynikiem jesiennych wybor\u00f3w do Sejmu, to Koalicja wraz z ruchem Biedronia mog\u0142aby mie\u0107 wyra\u017an\u0105 wi\u0119kszo\u015b\u0107, czyli jak najbardziej demokratycznie odsun\u0105\u0107 PiS od w\u0142adzy. A wtedy blok demokratyczny m\u00f3g\u0142by zacz\u0105\u0107\u00a0sprz\u0105tanie po &#8222;dobrej zmianie&#8221;.<\/p>\n<p>I jeszcze ostrze\u017cenie: gdyby ka\u017cde ugrupowanie posz\u0142o do wybor\u00f3w samo, wynik by\u0142by podobny do tego w 2015 r., czyli PiS mia\u0142by w Sejmie wi\u0119cej mandat\u00f3w ni\u017c PO i Wiosna.<\/p>\n<p>Analiza Piotra Pacewicza wydaje si\u0119 potwierdza\u0107 intuicje i wywody, kt\u00f3re s\u0142yszymy od wielu miesi\u0119cy, tak\u017ce na &#8222;blogowisku&#8221; Polityki.pl. \u017be mianowicie mo\u017ce by\u0107 du\u017ca premia za zjednoczenie si\u0142, a Biedro\u0144 nie oka\u017ce si\u0119 koniem troja\u0144skim PiS w obozie za demokracj\u0105, rz\u0105dami prawa i cz\u0142onkostwem Polski w Unii Europejskiej.<\/p>\n","protected":false},"excerpt":{"rendered":"<p>Gdyby ka\u017cde ugrupowanie posz\u0142o do wybor\u00f3w samo, wynik by\u0142by podobny do tego w 2015 r.<\/p>\n","protected":false},"author":3,"featured_media":8176,"comment_status":"open","ping_status":"closed","sticky":false,"template":"","format":"standard","meta":{"footnotes":""},"categories":[1],"tags":[],"_links":{"self":[{"href":"https:\/\/blog.polityka.pl\/szostkiewicz\/wp-json\/wp\/v2\/posts\/8171"}],"collection":[{"href":"https:\/\/blog.polityka.pl\/szostkiewicz\/wp-json\/wp\/v2\/posts"}],"about":[{"href":"https:\/\/blog.polityka.pl\/szostkiewicz\/wp-json\/wp\/v2\/types\/post"}],"author":[{"embeddable":true,"href":"https:\/\/blog.polityka.pl\/szostkiewicz\/wp-json\/wp\/v2\/users\/3"}],"replies":[{"embeddable":true,"href":"https:\/\/blog.polityka.pl\/szostkiewicz\/wp-json\/wp\/v2\/comments?post=8171"}],"version-history":[{"count":3,"href":"https:\/\/blog.polityka.pl\/szostkiewicz\/wp-json\/wp\/v2\/posts\/8171\/revisions"}],"predecessor-version":[{"id":8175,"href":"https:\/\/blog.polityka.pl\/szostkiewicz\/wp-json\/wp\/v2\/posts\/8171\/revisions\/8175"}],"wp:featuredmedia":[{"embeddable":true,"href":"https:\/\/blog.polityka.pl\/szostkiewicz\/wp-json\/wp\/v2\/media\/8176"}],"wp:attachment":[{"href":"https:\/\/blog.polityka.pl\/szostkiewicz\/wp-json\/wp\/v2\/media?parent=8171"}],"wp:term":[{"taxonomy":"category","embeddable":true,"href":"https:\/\/blog.polityka.pl\/szostkiewicz\/wp-json\/wp\/v2\/categories?post=8171"},{"taxonomy":"post_tag","embeddable":true,"href":"https:\/\/blog.polityka.pl\/szostkiewicz\/wp-json\/wp\/v2\/tags?post=8171"}],"curies":[{"name":"wp","href":"https:\/\/api.w.org\/{rel}","templated":true}]}}