
{"id":8177,"date":"2019-02-19T22:49:55","date_gmt":"2019-02-19T21:49:55","guid":{"rendered":"http:\/\/szostkiewicz.blog.polityka.pl\/?p=8177"},"modified":"2019-02-20T08:07:19","modified_gmt":"2019-02-20T07:07:19","slug":"tusk-w-kijowie-uratowal-dobre-imie-europy","status":"publish","type":"post","link":"https:\/\/blog.polityka.pl\/szostkiewicz\/2019\/02\/19\/tusk-w-kijowie-uratowal-dobre-imie-europy\/","title":{"rendered":"Tusk w Kijowie uratowa\u0142 dobre imi\u0119 Europy"},"content":{"rendered":"<p>Kt\u00f3remu Polakowi ukrai\u0144ski parlament bi\u0142by brawo na stoj\u0105co? Kt\u00f3ry Polak by\u0142by got\u00f3w wyg\u0142osi\u0107 do polityk\u00f3w ukrai\u0144skich takie <a href=\"https:\/\/www.consilium.europa.eu\/pl\/press\/press-releases\/2019\/02\/19\/speech-by-president-donald-tusk-at-the-ukrainian-parliament-in-kyiv\/\" rel=\"noopener\" target=\"_blank\">przem\u00f3wienie<\/a>, i to w\u00a0ca\u0142o\u015bci po ukrai\u0144sku?<br \/>\n<!--more--><br \/>\nA to w\u0142a\u015bnie zdarzy\u0142o si\u0119 w Kijowie 19 lutego 2019 r. Dzia\u0142a si\u0119 tam historia europejska, ukrai\u0144ska i polska.<\/p>\n<p>Kiedy rz\u0105d pisowski nie potrafi wyklarowa\u0107 swej polityki wobec Ukrainy, Donald Tusk jednym przem\u00f3wieniem przyku\u0142 uwag\u0119 medi\u00f3w w ca\u0142ej Europie. Na pi\u0105t\u0105 rocznic\u0119 godno\u015bciowej rewolucji Majdanu szef Rady Europejskiej przywi\u00f3z\u0142 do Kijowa prezent symboliczny: akt solidarno\u015bci z europejskimi aspiracjami niepodleg\u0142ej Ukrainy.<\/p>\n<p>Gdy cz\u0119\u015b\u0107 polityk\u00f3w europejskich traktuje spraw\u0119 ukrai\u0144sk\u0105 jako wewn\u0119trzn\u0105 kwesti\u0119 rosyjsk\u0105, Tusk przypomnia\u0142 w Kijowie, \u017ce nie ma bezpiecznej i niepodleg\u0142ej Europy bez bezpiecznej i niepodleg\u0142ej Ukrainy.<\/p>\n<p>Przem\u00f3wienie Tuska przerywa\u0142y wiele razy oklaski ukrai\u0144skich parlamentarzyst\u00f3w. Dwa razy przerodzi\u0142y si\u0119 w owacj\u0119 na stoj\u0105co. Tusk uratowa\u0142 honor Europy.<\/p>\n<p>Stosunek do Ukrainy jest testem wiarygodno\u015bci polityk\u00f3w europejskich. Tusk wie, \u017ce reformy ukrai\u0144skie s\u0105 dalekie od pomy\u015blnego fina\u0142u, ale b\u0119d\u0105 jeszcze trudniejsze do przeprowadzenia bez wsparcia liberalno-demokratycznej Europy.<\/p>\n<p>Donald Tusk ostrzeg\u0142 w parlamencie ukrai\u0144skim przed skrajnym nacjonalizmem i populizmem. Kusi on polityk\u00f3w nie tylko w Ukrainie, lecz tak\u017ce w Polsce i Europie, bo do emocji \u0142atwiej si\u0119 im odwo\u0142a\u0107, ni\u017c umiej\u0119tnie lawirowa\u0107 mi\u0119dzy, jak sam Tusk to uj\u0105\u0142, romantyzmem a pragmatyzmem.<\/p>\n<p>Nikt od momentu obj\u0119cia w\u0142adzy przez &#8222;zjednoczon\u0105 prawic\u0119&#8221; nie zrobi\u0142 dla dobra relacji polsko-ukrai\u0144skich tyle, ile Tusk podczas tej wizyty w Kijowie. Oby odbi\u0142a si\u0119 jak najszerszym echem w klasie politycznej. Ale przede wszystkim w spo\u0142ecze\u0144stwie Ukrainy i w\u015br\u00f3d Ukrai\u0144c\u00f3w w Polsce. Niech widz\u0105, \u017ce Polak i polityk mo\u017ce by\u0107 ich szczerym i m\u0105drym przyjacielem.<\/p>\n<p>Rady Tuska przedstawione w Kijowie nie s\u0105 pouczaniem Ukrai\u0144c\u00f3w, lecz dzieleniem si\u0119 z nimi wiar\u0105 w dobr\u0105 wsp\u00f3ln\u0105 przysz\u0142o\u015b\u0107 naszych narod\u00f3w w wolnej Europie.\u00a0A Jerzy Giedroyc w za\u015bwiatach przy\u0142\u0105czy\u0142 si\u0119 do oklask\u00f3w dla Donalda Tuska.<\/p>\n","protected":false},"excerpt":{"rendered":"<p>Tusk uratowa\u0142 honor Europy.<\/p>\n","protected":false},"author":3,"featured_media":8186,"comment_status":"open","ping_status":"closed","sticky":false,"template":"","format":"standard","meta":{"footnotes":""},"categories":[1],"tags":[],"_links":{"self":[{"href":"https:\/\/blog.polityka.pl\/szostkiewicz\/wp-json\/wp\/v2\/posts\/8177"}],"collection":[{"href":"https:\/\/blog.polityka.pl\/szostkiewicz\/wp-json\/wp\/v2\/posts"}],"about":[{"href":"https:\/\/blog.polityka.pl\/szostkiewicz\/wp-json\/wp\/v2\/types\/post"}],"author":[{"embeddable":true,"href":"https:\/\/blog.polityka.pl\/szostkiewicz\/wp-json\/wp\/v2\/users\/3"}],"replies":[{"embeddable":true,"href":"https:\/\/blog.polityka.pl\/szostkiewicz\/wp-json\/wp\/v2\/comments?post=8177"}],"version-history":[{"count":9,"href":"https:\/\/blog.polityka.pl\/szostkiewicz\/wp-json\/wp\/v2\/posts\/8177\/revisions"}],"predecessor-version":[{"id":8187,"href":"https:\/\/blog.polityka.pl\/szostkiewicz\/wp-json\/wp\/v2\/posts\/8177\/revisions\/8187"}],"wp:featuredmedia":[{"embeddable":true,"href":"https:\/\/blog.polityka.pl\/szostkiewicz\/wp-json\/wp\/v2\/media\/8186"}],"wp:attachment":[{"href":"https:\/\/blog.polityka.pl\/szostkiewicz\/wp-json\/wp\/v2\/media?parent=8177"}],"wp:term":[{"taxonomy":"category","embeddable":true,"href":"https:\/\/blog.polityka.pl\/szostkiewicz\/wp-json\/wp\/v2\/categories?post=8177"},{"taxonomy":"post_tag","embeddable":true,"href":"https:\/\/blog.polityka.pl\/szostkiewicz\/wp-json\/wp\/v2\/tags?post=8177"}],"curies":[{"name":"wp","href":"https:\/\/api.w.org\/{rel}","templated":true}]}}