
{"id":8188,"date":"2019-02-21T17:56:40","date_gmt":"2019-02-21T16:56:40","guid":{"rendered":"http:\/\/szostkiewicz.blog.polityka.pl\/?p=8188"},"modified":"2019-02-21T18:29:52","modified_gmt":"2019-02-21T17:29:52","slug":"runal-pomnik-runal-mit","status":"publish","type":"post","link":"https:\/\/blog.polityka.pl\/szostkiewicz\/2019\/02\/21\/runal-pomnik-runal-mit\/","title":{"rendered":"Run\u0105\u0142 pomnik, run\u0105\u0142 mit"},"content":{"rendered":"<p>By\u0142o \u015bci\u0105gn\u0105\u0107 pomnik pra\u0142ata Jankowskiego z coko\u0142u w majestacie prawa i nie by\u0142oby tej obywatelskiej akcji protestu przeciwko tolerowaniu z\u0142a i ob\u0142udzie.<br \/>\n<!--more--><br \/>\nDzia\u0142ano pod os\u0142on\u0105 nocy i naruszano prawo, to prawda, ale nie atakowano ludzi, aktywi\u015bci nie byli zamaskowani, wydali o\u015bwiadczenie podpisane imieniem i nazwiskiem, t\u0142umacz\u0105ce ich akcj\u0119, zadbali, aby figura si\u0119 nie rozpad\u0142a, nie zbiegli, jak zwykli wandale, przed policj\u0105, s\u0105 gotowi podda\u0107 swoje dzia\u0142anie pod os\u0105d spo\u0142eczny.<\/p>\n<p>To pozwala traktowa\u0107 ich akcj\u0119 jako wyraz obywatelskiej niezgody na brak reakcji Ko\u015bcio\u0142a i w\u0142adz \u015bwieckich na znan\u0105 od lat spraw\u0119 z\u0142ych czyn\u00f3w ks. Jankowskiego. Nie wiemy, jaki b\u0119dzie fina\u0142 tej akcji. Zapewne trafi pod s\u0105d. Zostawmy wyrok s\u0105dowi.<\/p>\n<p>Ale ju\u017c dzi\u015b wida\u0107, \u017ce co\u015b si\u0119 dramatycznie zmienia w spo\u0142ecznej sytuacji Ko\u015bcio\u0142a na tle pedofilii. \u015aci\u0105gni\u0119cie pomnika pra\u0142ata Jankowskiego z coko\u0142u niedaleko od ko\u015bcio\u0142a \u015bw. Brygidy nabiera wymowy symbolicznej.<\/p>\n<p>Run\u0105\u0142 pomnik, run\u0105\u0142 mit. Nie tylko mit pra\u0142ata, ale te\u017c Ko\u015bcio\u0142a jako gwaranta moralno\u015bci publicznej, a w sprawie pedofilii \u2013 jako duchowego opiekuna powierzonych mu dzieci i m\u0142odzie\u017cy.<\/p>\n<p>Tego w Polsce dot\u0105d nie by\u0142o, aby publicznie i z nara\u017ceniem si\u0119 na odpowiedzialno\u015b\u0107 s\u0105dow\u0105 wyst\u0119powa\u0107 z podniesion\u0105 przy\u0142bic\u0105 przeciwko z\u0142u w Ko\u015bciele. Nazywa\u0107 je po imieniu, oczekiwa\u0107 sprawiedliwo\u015bci. Aktywi\u015bci zaznaczaj\u0105, \u017ce nie atakuj\u0105 Ko\u015bcio\u0142a ani \u017cadnej wsp\u00f3lnoty religijnej, lecz chc\u0105 dzia\u0142a\u0107 dla dobra wsp\u00f3lnego wierz\u0105cych i niewierz\u0105cych.<\/p>\n<p>Dramatyczn\u0105 zmian\u0105 sytuacji Ko\u015bcio\u0142a w Polsce jest te\u017c spotkanie delegacji fundacji &#8222;Nie L\u0119kajcie Si\u0119&#8221; z papie\u017cem Franciszkiem w Watykanie. Episkopat b\u0119dzie to zdarzenie lekcewa\u017cy\u0142, ale powinien potraktowa\u0107 bardzo powa\u017cnie.<\/p>\n<p>Stare kana\u0142y komunikacji przestaj\u0105 dzia\u0142a\u0107. Zdeterminowani ludzie potrafi\u0105 dotrze\u0107 do samego papie\u017ca z pomini\u0119ciem ko\u015bcielnej machiny.<\/p>\n<p>Episkopat straci\u0142 monopol informacyjny. Coraz trudniej b\u0119dzie milcze\u0107 o ko\u015bcielnych tematach tabu. To oznacza wyzwanie, a mo\u017ce wr\u0119cz rewolucj\u0119 duszpastersk\u0105, na kt\u00f3r\u0105 Ko\u015bci\u00f3\u0142 w Polsce, wskutek wielu lat &#8222;kultury milczenia&#8221; i ukrywania z\u0142a, raczej nie b\u0119dzie w stanie wiarygodnie i skutecznie odpowiedzie\u0107.<\/p>\n","protected":false},"excerpt":{"rendered":"<p>Run\u0105\u0142 pomnik, run\u0105\u0142 mit. Nie tylko mit pra\u0142ata, ale te\u017c Ko\u015bcio\u0142a jako gwaranta moralno\u015bci publicznej.<\/p>\n","protected":false},"author":3,"featured_media":8195,"comment_status":"open","ping_status":"closed","sticky":false,"template":"","format":"standard","meta":{"footnotes":""},"categories":[1],"tags":[],"_links":{"self":[{"href":"https:\/\/blog.polityka.pl\/szostkiewicz\/wp-json\/wp\/v2\/posts\/8188"}],"collection":[{"href":"https:\/\/blog.polityka.pl\/szostkiewicz\/wp-json\/wp\/v2\/posts"}],"about":[{"href":"https:\/\/blog.polityka.pl\/szostkiewicz\/wp-json\/wp\/v2\/types\/post"}],"author":[{"embeddable":true,"href":"https:\/\/blog.polityka.pl\/szostkiewicz\/wp-json\/wp\/v2\/users\/3"}],"replies":[{"embeddable":true,"href":"https:\/\/blog.polityka.pl\/szostkiewicz\/wp-json\/wp\/v2\/comments?post=8188"}],"version-history":[{"count":6,"href":"https:\/\/blog.polityka.pl\/szostkiewicz\/wp-json\/wp\/v2\/posts\/8188\/revisions"}],"predecessor-version":[{"id":8194,"href":"https:\/\/blog.polityka.pl\/szostkiewicz\/wp-json\/wp\/v2\/posts\/8188\/revisions\/8194"}],"wp:featuredmedia":[{"embeddable":true,"href":"https:\/\/blog.polityka.pl\/szostkiewicz\/wp-json\/wp\/v2\/media\/8195"}],"wp:attachment":[{"href":"https:\/\/blog.polityka.pl\/szostkiewicz\/wp-json\/wp\/v2\/media?parent=8188"}],"wp:term":[{"taxonomy":"category","embeddable":true,"href":"https:\/\/blog.polityka.pl\/szostkiewicz\/wp-json\/wp\/v2\/categories?post=8188"},{"taxonomy":"post_tag","embeddable":true,"href":"https:\/\/blog.polityka.pl\/szostkiewicz\/wp-json\/wp\/v2\/tags?post=8188"}],"curies":[{"name":"wp","href":"https:\/\/api.w.org\/{rel}","templated":true}]}}