
{"id":8208,"date":"2019-02-25T12:10:41","date_gmt":"2019-02-25T11:10:41","guid":{"rendered":"http:\/\/szostkiewicz.blog.polityka.pl\/?p=8208"},"modified":"2019-02-25T13:35:30","modified_gmt":"2019-02-25T12:35:30","slug":"koniec-z-miedoleniem","status":"publish","type":"post","link":"https:\/\/blog.polityka.pl\/szostkiewicz\/2019\/02\/25\/koniec-z-miedoleniem\/","title":{"rendered":"Koniec z mi\u0119doleniem"},"content":{"rendered":"<p>Domyka si\u0119 opozycyjna wyborcza Koalicja Europejska. Do\u0142\u0105czyli w niedziel\u0119 ludowcy. Kosiniak-Kamysz zaintonowa\u0142 hymn bitewny: Mi\u0119dolenie si\u0119 sko\u0144czy\u0142o, nie robimy tego przeciwko komu\u015b, tylko dla Polski.<!--more--><\/p>\n<p>I pi\u0119knie. B\u0119d\u0105 to przymierze atakowali z lewa i prawa, b\u0119d\u0105 wyszydzali po linii \u201eejd\u017cyzmu\u201d i z powodu braku charyzmy,\u00a0 tak jakby na posiadaniu \u201echaryzmy\u201d ko\u0144czy\u0142a si\u0119 rola polityka. B\u0119d\u0105 (zreszt\u0105 niezgodnie z prawd\u0105) grymasili, \u017ce nie ma programu i j\u0119zyka, kt\u00f3ry by trafia\u0142 do serca, tak jakby na trafianiu do serca ko\u0144czy\u0142a si\u0119 misja polityka.<\/p>\n<p>Zostawmy trafianie do serca populistom. Powa\u017cna polityka dostrzega w obywatelach nie tylko mi\u0119so wyborcze, ale te\u017c partner\u00f3w do rozumnej rozmowy o sprawach publicznych.<\/p>\n<p>No to jak jest naprawd\u0119?<\/p>\n<p>Je\u015bli\u00a0 wierzy\u0107 sonda\u017com, na dwoje babka wr\u00f3\u017cy\u0142a. W jednym PiS nawet przegrywa (34,7 proc. do 38,5 dla KE), ale to w wyborach europejskich, nie krajowych. Opozycja mo\u017ce jednak mie\u0107 nadziej\u0119, \u017ce je\u015bli wygra w tych wyborach, to pomog\u0142oby to zatrzyma\u0107 PiS w naszych wyborach parlamentarnych.<\/p>\n<p>Wtedy wyskakuje z kapelusza kolejny sonda\u017c: PiS wygrywa \u015bpiewaj\u0105co (41 proc., PO 26, Biedro\u0144 9): zdobywa znowu samodzieln\u0105 wi\u0119kszo\u015b\u0107. Taki wynik oznacza, \u017ce opozycja zjednoczona w KE ju\u017c mo\u017ce poda\u0107 si\u0119 do dymisji. I po\u00a0to s\u0105 te sonda\u017ce kl\u0119ski, by podkopa\u0107 morale opozycji: PiS nic nie przemo\u017ce, przy\u0142\u0105czcie si\u0119 albo gi\u0144cie.<\/p>\n<p>Ale po drodze mamy zapowied\u017a \u015bwi\u0119ta wolno\u015bci, czyli zgromadzenia demokratycznego w Gda\u0144sku w okr\u0105g\u0142\u0105 trzydziest\u0105 rocznic\u0119 wybor\u00f3w 4 czerwca toruj\u0105cych drog\u0119 do polskiej demokracji i niepodleg\u0142o\u015bci. Pojawi\u0142a si\u0119 w zwi\u0105zku z tym idea nowego ruchu obywatelskiego, by\u0107 mo\u017ce pod protektoratem Donalda Tuska. Nowy zastrzyk nadziei.<\/p>\n<p>Bo czemu nie? Takie obywatelskie zgromadzenie z udzia\u0142em samorz\u0105dowc\u00f3w mog\u0142oby by\u0107 zapleczem opozycji skupionej w KE. Rodzajem poduszki, kt\u00f3ry pozwoli\u0142by jej mi\u0119kko l\u0105dowa\u0107 po ewentualnej pora\u017cce w wyborach parlamentarnych. I zebra\u0107 si\u0142y do wybor\u00f3w prezydenckich w 2020 r., kt\u00f3re b\u0119d\u0105 ostatnim aktem obecnego dramatu.<\/p>\n<p>Podw\u00f3jnej kl\u0119ski si\u0142 demokratycznych z r\u0105k obozu prawicowo-narodowego Polska liberalno-demokratyczna, proeuropejska i prozachodnia nie przetrwa. Mogliby\u015bmy pr\u00f3bowa\u0107 jakiej\u015b koegzystencji cywilizowanej, na wz\u00f3r nowoczesnych spo\u0142ecze\u0144stw otwartej demokracji, ale na razie okazuje si\u0119 to u nas wci\u0105\u017c niemo\u017cliwe.<\/p>\n<p>Umiemy prowadzi\u0107 wewn\u0119trzne wojny na wyniszczenie przeciwnika, ale nie umiemy budowa\u0107 dobra wsp\u00f3lnego, czyli przyjaznego obywatelom pa\u0144stwa i spo\u0142ecze\u0144stwa ponad podzia\u0142ami ideologicznymi i partyjnymi. Rz\u0105dzi nami zasada \u201eall or nothing\u201d, wszystko albo nic. Dlatego, aby zachowa\u0107 jaki\u015b elementarny zdrowy balans w polskiej polityce, opozycja nie mo\u017ce przegra\u0107 przynajmniej wybor\u00f3w prezydenckich.<\/p>\n<p>Pobo\u017cne \u017cyczenia? Ale mia\u017cd\u017c\u0105ce zwyci\u0119stwo PiS te\u017c mo\u017ce by\u0107 pobo\u017cnym \u017cyczeniem prawicy pisowskiej. Dlaczego wypalanie si\u0119 lider\u00f3w mia\u0142oby dotyczy\u0107 tylko Schetyny czy Millera, a nie Kaczy\u0144skiego? Prawica zak\u0142ada, \u017ce wielka, mo\u017ce przewa\u017caj\u0105ca wi\u0119kszo\u015b\u0107 wyborc\u00f3w odnajdzie si\u0119 w ha\u015ble rzuconym na ostatnim zje\u017adzie partii przez prezesa: wolno\u015b\u0107 to pe\u0142ny portfel.<\/p>\n<p>Ten wulgarny ekonomizm ma by\u0107 pisowsk\u0105 wunderwaffe. Ma przyci\u0105gn\u0105\u0107 do PiS wahaj\u0105cych si\u0119 wyborc\u00f3w z klasy ludowej, a przede wszystkim ze \u015bredniej. Ma odwr\u00f3ci\u0107 uwag\u0119 od korupcji, matactw, sowitych wynagrodze\u0144 nowej elity i innych jej apana\u017cy. Nie mo\u017cna wykluczy\u0107, \u017ce to si\u0119 obecnej w\u0142adzy uda. W lutowych sonda\u017cach partie liberalne, Nowoczesna i Teraz, topniej\u0105 jak ba\u0142wany na \u201eWiosn\u0119\u201d.<\/p>\n","protected":false},"excerpt":{"rendered":"<p>Podw\u00f3jnej kl\u0119ski si\u0142 demokratycznych z r\u0105k obozu prawicowo-narodowego Polska liberalno-demokratyczna, proeuropejska i prozachodnia nie przetrwa.<\/p>\n","protected":false},"author":3,"featured_media":8221,"comment_status":"open","ping_status":"closed","sticky":false,"template":"","format":"standard","meta":{"footnotes":""},"categories":[1],"tags":[],"_links":{"self":[{"href":"https:\/\/blog.polityka.pl\/szostkiewicz\/wp-json\/wp\/v2\/posts\/8208"}],"collection":[{"href":"https:\/\/blog.polityka.pl\/szostkiewicz\/wp-json\/wp\/v2\/posts"}],"about":[{"href":"https:\/\/blog.polityka.pl\/szostkiewicz\/wp-json\/wp\/v2\/types\/post"}],"author":[{"embeddable":true,"href":"https:\/\/blog.polityka.pl\/szostkiewicz\/wp-json\/wp\/v2\/users\/3"}],"replies":[{"embeddable":true,"href":"https:\/\/blog.polityka.pl\/szostkiewicz\/wp-json\/wp\/v2\/comments?post=8208"}],"version-history":[{"count":11,"href":"https:\/\/blog.polityka.pl\/szostkiewicz\/wp-json\/wp\/v2\/posts\/8208\/revisions"}],"predecessor-version":[{"id":8222,"href":"https:\/\/blog.polityka.pl\/szostkiewicz\/wp-json\/wp\/v2\/posts\/8208\/revisions\/8222"}],"wp:featuredmedia":[{"embeddable":true,"href":"https:\/\/blog.polityka.pl\/szostkiewicz\/wp-json\/wp\/v2\/media\/8221"}],"wp:attachment":[{"href":"https:\/\/blog.polityka.pl\/szostkiewicz\/wp-json\/wp\/v2\/media?parent=8208"}],"wp:term":[{"taxonomy":"category","embeddable":true,"href":"https:\/\/blog.polityka.pl\/szostkiewicz\/wp-json\/wp\/v2\/categories?post=8208"},{"taxonomy":"post_tag","embeddable":true,"href":"https:\/\/blog.polityka.pl\/szostkiewicz\/wp-json\/wp\/v2\/tags?post=8208"}],"curies":[{"name":"wp","href":"https:\/\/api.w.org\/{rel}","templated":true}]}}