
{"id":8223,"date":"2019-02-27T15:47:19","date_gmt":"2019-02-27T14:47:19","guid":{"rendered":"http:\/\/szostkiewicz.blog.polityka.pl\/?p=8223"},"modified":"2019-02-27T16:32:58","modified_gmt":"2019-02-27T15:32:58","slug":"czy-minister-gowin-potepi-nienawisc-do-historykow-holokaustu","status":"publish","type":"post","link":"https:\/\/blog.polityka.pl\/szostkiewicz\/2019\/02\/27\/czy-minister-gowin-potepi-nienawisc-do-historykow-holokaustu\/","title":{"rendered":"Czy minister Gowin pot\u0119pi nienawi\u015b\u0107 do historyk\u00f3w Holokaustu?"},"content":{"rendered":"<p>Grupa polskich nacjonalist\u00f3w zak\u0142\u00f3ci\u0142a w Pary\u017cu mi\u0119dzynarodow\u0105 konferencj\u0119 historyk\u00f3w Zag\u0142ady. Jaka z tego korzy\u015b\u0107, jakie dobro? Nic, tylko wstyd.<br \/>\n<!--more--><br \/>\nWiem, jak takie ekscesy demoluj\u0105 naukow\u0105 debat\u0119. By\u0142em ich \u015bwiadkiem w Warszawie podczas spotkania z prof. Zygmuntem Baumanem na jednej z uczelni wy\u017cszych. Grupa boj\u00f3wkarzy, widz\u0105c, \u017ce ma ca\u0142\u0105 sal\u0119 przeciwko sobie, po kilku minutach wycofa\u0142a si\u0119.<\/p>\n<p>Ale nie ka\u017cdy ma stalowe nerwy jak prof. Bauman i odwag\u0119 cywiln\u0105 obecnego na tym spotkaniu Adama Michnika, kt\u00f3ry stan\u0105\u0142 natychmiast w obronie filozofa.<\/p>\n<p>W Pary\u017cu obrzucano wyzwiskami polskich badaczy Holokaustu \u017byd\u00f3w na terenie naszego kraju. W \u015brodowej \u201eGazecie Wyborczej\u201d jest o tym rozmowa Estery Flieger z prof. Janem Grabowskim. Przera\u017cenie budz\u0105 jego s\u0142owa, \u017ce \u201etakiej nienawi\u015bci ludzie nauki w Polsce nie do\u015bwiadczyli od 1968 r.\u201d.<\/p>\n<p>Inny prelegent, Jacek Leociak, w swoim <a href=\"https:\/\/krytykapolityczna.pl\/swiat\/leociak-paryska-awantura\/\">komentarzu dla \u201eKrytyki Politycznej\u201d<\/a>\u00a0dodaje ironicznie, \u017ce awanturnicy znajdowali si\u0119 \u201epod duchow\u0105 opiek\u0105 pewnego ksi\u0119dza katolickiego\u201d, kt\u00f3ry p\u00f3\u017aniej mediom prawicowym zdawa\u0142 relacj\u0119 wypaczaj\u0105c\u0105 przebieg wydarze\u0144 tak, by jego wersja mog\u0142a w oczach jej odbiorc\u00f3w usprawiedliwia\u0107 najazd na konferencj\u0119. Za to w \u015bwiat id\u0105 komunikaty.<\/p>\n<p>Mamy wi\u0119c kolejny przyk\u0142ad, jak boj\u00f3wkarska prawica pod przewodem cz\u0142owieka Ko\u015bcio\u0142a usi\u0142uje blokowa\u0107 historyczn\u0105 prawd\u0119 o tragedii \u017byd\u00f3w w okupowanej Polsce. I w to graj tym, kt\u00f3rzy postrzegaj\u0105 Polsk\u0119 jako kraj katolik\u00f3w, kt\u00f3rzy \u201ewyssali antysemityzm z mlekiem matki\u201d. Niech si\u0119 ci obro\u0144cy dobrego imienia nie oburzaj\u0105, \u017ce ten negatywny stereotyp wci\u0105\u017c pokutuje, bo sami go wzmacniaj\u0105, nie odcinaj\u0105c si\u0119 od takich awanturnik\u00f3w.<\/p>\n<p>Incydent paryski natychmiast pot\u0119pi\u0142a francuska minister szkolnictwa wy\u017cszego pani Vidal, za co <a href=\"https:\/\/www.ajc.org\/news\/ajc-europe-condemns-anti-semitic-outburst-at-holocaust-conference\">podzi\u0119kowa\u0142 jej europejski oddzia\u0142<\/a> Ameryka\u0144skiego Komitetu \u017bydowskiego. A kiedy awantur\u0119 szkodz\u0105c\u0105 dobru nauki i wizerunkowi Polski pot\u0119pi\u0105 r\u00f3wnie stanowczo minister Gowin wraz z ministrem Gli\u0144skim?<\/p>\n","protected":false},"excerpt":{"rendered":"<p>Takie ekscesy demoluj\u0105 naukow\u0105 debat\u0119.<\/p>\n","protected":false},"author":3,"featured_media":8232,"comment_status":"open","ping_status":"closed","sticky":false,"template":"","format":"standard","meta":{"footnotes":""},"categories":[1],"tags":[],"_links":{"self":[{"href":"https:\/\/blog.polityka.pl\/szostkiewicz\/wp-json\/wp\/v2\/posts\/8223"}],"collection":[{"href":"https:\/\/blog.polityka.pl\/szostkiewicz\/wp-json\/wp\/v2\/posts"}],"about":[{"href":"https:\/\/blog.polityka.pl\/szostkiewicz\/wp-json\/wp\/v2\/types\/post"}],"author":[{"embeddable":true,"href":"https:\/\/blog.polityka.pl\/szostkiewicz\/wp-json\/wp\/v2\/users\/3"}],"replies":[{"embeddable":true,"href":"https:\/\/blog.polityka.pl\/szostkiewicz\/wp-json\/wp\/v2\/comments?post=8223"}],"version-history":[{"count":7,"href":"https:\/\/blog.polityka.pl\/szostkiewicz\/wp-json\/wp\/v2\/posts\/8223\/revisions"}],"predecessor-version":[{"id":8231,"href":"https:\/\/blog.polityka.pl\/szostkiewicz\/wp-json\/wp\/v2\/posts\/8223\/revisions\/8231"}],"wp:featuredmedia":[{"embeddable":true,"href":"https:\/\/blog.polityka.pl\/szostkiewicz\/wp-json\/wp\/v2\/media\/8232"}],"wp:attachment":[{"href":"https:\/\/blog.polityka.pl\/szostkiewicz\/wp-json\/wp\/v2\/media?parent=8223"}],"wp:term":[{"taxonomy":"category","embeddable":true,"href":"https:\/\/blog.polityka.pl\/szostkiewicz\/wp-json\/wp\/v2\/categories?post=8223"},{"taxonomy":"post_tag","embeddable":true,"href":"https:\/\/blog.polityka.pl\/szostkiewicz\/wp-json\/wp\/v2\/tags?post=8223"}],"curies":[{"name":"wp","href":"https:\/\/api.w.org\/{rel}","templated":true}]}}